{"id":722,"date":"2013-04-26T17:46:59","date_gmt":"2013-04-26T17:46:59","guid":{"rendered":"http:\/\/172.16.0.7\/site-antigo\/?p=722"},"modified":"2024-10-08T09:06:26","modified_gmt":"2024-10-08T12:06:26","slug":"apucarana-busca-reducao-dos-acidentes-de-trabalho","status":"publish","type":"post","link":"https:\/\/www.apucarana.pr.gov.br\/site\/apucarana-busca-reducao-dos-acidentes-de-trabalho\/","title":{"rendered":"Apucarana busca redu\u00e7\u00e3o dos acidentes de trabalho"},"content":{"rendered":"<p>Neste domingo (28\/04) \u00e9 celebrado o Dia Mundial em Mem\u00f3ria \u00e0s V\u00edtimas de Acidentes de Trabalho. Em todo o ano de 2012, segundo dados oficiais repassados pela Autarquia Municipal de Sa\u00fade (AMS), 1.496 casos foram atendidos em Apucarana pelas equipes da Unidade de Pronto Atendimento (UPA 24 horas) e do Hospital da Provid\u00eancia. As autoridades, contudo, acreditam que o n\u00famero real pode ser ainda maior, j\u00e1 que em casos considerados &ldquo;menos graves&rdquo;, as pessoas acabam n\u00e3o procurando a rede de pronto atendimento.  <\/p>\n<p>O n\u00famero oficial, contudo, \u00e9 considerado alto pelo presidente da Comiss\u00e3o Interna de Preven\u00e7\u00e3o de Acidentes da Autarquia Municipal de Sa\u00fade, Lauro Alberto Vieira dos Santos. Ele levanta a bandeira de uma maior conscientiza\u00e7\u00e3o por parte dos empregadores e empregados. &ldquo;Mais do que ter uma comiss\u00e3o interna, \u00e9 imprescind\u00edvel que ela seja ativa em suas atribui\u00e7\u00f5es. Queremos um 2013 com menos acidentes de trabalho&rdquo;, diz Santos.<\/p>\n<p>Dos 1.496 acidentes de trabalho atendidos pela sa\u00fade de Apucarana, 525 casos foram classificados como &ldquo;graves&rdquo;. &ldquo;Sendo que 15 deixaram graves sequelas no trabalhador, sendo 11 amputa\u00e7\u00f5es de membros, dois esmagamentos de membros e dois \u00f3bitos&rdquo;, informa Lauro.<\/p>\n<p><strong>Porque o dia 28 de abril &#8211; <\/strong>Em 28 de abril de 1969, a explos\u00e3o de uma mina nos Estados Unidos matou 78 trabalhadores. A trag\u00e9dia marcou a data como o Dia Mundial em Mem\u00f3ria \u00e0s V\u00edtimas de Acidentes do Trabalho. Encampando essa luta, mas com foco na preven\u00e7\u00e3o, a Organiza\u00e7\u00e3o Internacional do Trabalho instituiu em 2003 o 28 de abril como o Dia Mundial de Seguran\u00e7a e Sa\u00fade no Trabalho. Desde maio de 2005, o &ldquo;dia&rdquo; foi institu\u00eddo no Brasil por meio da Lei n\u00ba 11.121.<\/p>\n<p>Segundo dados oficiais, no pa\u00eds ocorrem cerca de 700 mil acidentes de trabalho por ano. Pelas estat\u00edsticas, a cada tr\u00eas horas morre um trabalhador brasileiro v\u00edtima de acidente de trabalho.<\/p>\n<p><\/p>\n","protected":false},"excerpt":{"rendered":"<p>Mais do que ter uma comiss&atilde;o interna, &eacute; imprescind&iacute;vel que ela seja ativa em suas atribui&ccedil;&otilde;es<\/p>\n","protected":false},"author":4,"featured_media":0,"comment_status":"closed","ping_status":"closed","sticky":false,"template":"","format":"standard","meta":{"footnotes":""},"categories":[24],"tags":[],"class_list":["post-722","post","type-post","status-publish","format-standard","hentry","category-noticias"],"acf":[],"_links":{"self":[{"href":"https:\/\/www.apucarana.pr.gov.br\/site\/wp-json\/wp\/v2\/posts\/722","targetHints":{"allow":["GET"]}}],"collection":[{"href":"https:\/\/www.apucarana.pr.gov.br\/site\/wp-json\/wp\/v2\/posts"}],"about":[{"href":"https:\/\/www.apucarana.pr.gov.br\/site\/wp-json\/wp\/v2\/types\/post"}],"author":[{"embeddable":true,"href":"https:\/\/www.apucarana.pr.gov.br\/site\/wp-json\/wp\/v2\/users\/4"}],"replies":[{"embeddable":true,"href":"https:\/\/www.apucarana.pr.gov.br\/site\/wp-json\/wp\/v2\/comments?post=722"}],"version-history":[{"count":1,"href":"https:\/\/www.apucarana.pr.gov.br\/site\/wp-json\/wp\/v2\/posts\/722\/revisions"}],"predecessor-version":[{"id":106156,"href":"https:\/\/www.apucarana.pr.gov.br\/site\/wp-json\/wp\/v2\/posts\/722\/revisions\/106156"}],"wp:attachment":[{"href":"https:\/\/www.apucarana.pr.gov.br\/site\/wp-json\/wp\/v2\/media?parent=722"}],"wp:term":[{"taxonomy":"category","embeddable":true,"href":"https:\/\/www.apucarana.pr.gov.br\/site\/wp-json\/wp\/v2\/categories?post=722"},{"taxonomy":"post_tag","embeddable":true,"href":"https:\/\/www.apucarana.pr.gov.br\/site\/wp-json\/wp\/v2\/tags?post=722"}],"curies":[{"name":"wp","href":"https:\/\/api.w.org\/{rel}","templated":true}]}}