{"id":721,"date":"2013-04-26T17:39:00","date_gmt":"2013-04-26T17:39:00","guid":{"rendered":"http:\/\/172.16.0.7\/site-antigo\/?p=721"},"modified":"2024-10-08T09:06:26","modified_gmt":"2024-10-08T12:06:26","slug":"apucarana-vacina-68-da-meta","status":"publish","type":"post","link":"https:\/\/www.apucarana.pr.gov.br\/site\/apucarana-vacina-68-da-meta\/","title":{"rendered":"Apucarana vacina 68% da meta"},"content":{"rendered":"<\/p>\n<p>Apucarana concluiu ontem o per\u00edodo regular da campanha de vacina\u00e7\u00e3o contra gripe, com uma cobertura de 68%. Com a decis\u00e3o do governo federal de prorrogar imuniza\u00e7\u00e3o at\u00e9 o pr\u00f3ximo dia 10, autoridades de sa\u00fade do munic\u00edpio esperam alcan\u00e7ar previs\u00e3o de atender at\u00e9 80% da meta de vacinar perto 30 mil pessoas.<\/p>\n<p>Conforme relat\u00f3rio da Autarquia Municipal de Sa\u00fade, entre os grupos priorit\u00e1rios, os idosos e <span>mulheres pu\u00e9rperas (que deram \u00e0 luz em at\u00e9 45 dias) s\u00e3o os que mais atenderam ao chamamento, com uma percentagem de 70% cada. Depois v\u00eam os trabalhadores da sa\u00fade, com 62%, seguido das crian\u00e7as de 6 meses a 2 anos (61%) e as gestantes com apenas 56%. Ainda foram vacinados 4.378 doentes cr&ocirc;nicos.<\/span><\/p>\n<p>A vacina continua dispon\u00edvel de segunda a sexta-feira nos postos de sa\u00fade que t\u00eam sala de vacina\u00e7\u00e3o e na central de vacina\u00e7\u00e3o, perto do Gin\u00e1sio Lago\u00e3o. Mas neste s\u00e1bado e domingo, haver\u00e1 plant\u00e3o na UBS Romeu Milani, localizada na Rua Osvaldo Cruz, ao lado da Casa da Gestante. <\/p>\n<p><\/p>\n","protected":false},"excerpt":{"rendered":"<p>Neste s&aacute;bado e domingo haver&aacute; plant&atilde;o de vacina&ccedil;&atilde;o na UBS Romeu Milani, &aacute;rea central<\/p>\n","protected":false},"author":4,"featured_media":0,"comment_status":"closed","ping_status":"closed","sticky":false,"template":"","format":"standard","meta":{"footnotes":""},"categories":[24],"tags":[],"class_list":["post-721","post","type-post","status-publish","format-standard","hentry","category-noticias"],"acf":[],"_links":{"self":[{"href":"https:\/\/www.apucarana.pr.gov.br\/site\/wp-json\/wp\/v2\/posts\/721","targetHints":{"allow":["GET"]}}],"collection":[{"href":"https:\/\/www.apucarana.pr.gov.br\/site\/wp-json\/wp\/v2\/posts"}],"about":[{"href":"https:\/\/www.apucarana.pr.gov.br\/site\/wp-json\/wp\/v2\/types\/post"}],"author":[{"embeddable":true,"href":"https:\/\/www.apucarana.pr.gov.br\/site\/wp-json\/wp\/v2\/users\/4"}],"replies":[{"embeddable":true,"href":"https:\/\/www.apucarana.pr.gov.br\/site\/wp-json\/wp\/v2\/comments?post=721"}],"version-history":[{"count":1,"href":"https:\/\/www.apucarana.pr.gov.br\/site\/wp-json\/wp\/v2\/posts\/721\/revisions"}],"predecessor-version":[{"id":106157,"href":"https:\/\/www.apucarana.pr.gov.br\/site\/wp-json\/wp\/v2\/posts\/721\/revisions\/106157"}],"wp:attachment":[{"href":"https:\/\/www.apucarana.pr.gov.br\/site\/wp-json\/wp\/v2\/media?parent=721"}],"wp:term":[{"taxonomy":"category","embeddable":true,"href":"https:\/\/www.apucarana.pr.gov.br\/site\/wp-json\/wp\/v2\/categories?post=721"},{"taxonomy":"post_tag","embeddable":true,"href":"https:\/\/www.apucarana.pr.gov.br\/site\/wp-json\/wp\/v2\/tags?post=721"}],"curies":[{"name":"wp","href":"https:\/\/api.w.org\/{rel}","templated":true}]}}