{"id":720,"date":"2013-04-26T16:27:00","date_gmt":"2013-04-26T16:27:00","guid":{"rendered":"http:\/\/172.16.0.7\/site-antigo\/?p=720"},"modified":"2024-10-08T09:06:26","modified_gmt":"2024-10-08T12:06:26","slug":"secretaria-apresenta-premiacoes-do-torneio-do-trabalhador","status":"publish","type":"post","link":"https:\/\/www.apucarana.pr.gov.br\/site\/secretaria-apresenta-premiacoes-do-torneio-do-trabalhador\/","title":{"rendered":"Secretaria apresenta premia\u00e7\u00f5es do Torneio do Trabalhador"},"content":{"rendered":"<p>Em ato realizado nesta sexta-feira (26\/04), no gabinete municipal, o prefeito de Apucarana, Beto Preto (PT), e a secret\u00e1ria de Esportes, Dione Gaspar, apresentaram oficialmente os trof\u00e9us e medalhas que ser\u00e3o entregues \u00e0s melhores equipes e atletas que chegaram \u00e0 etapa final do Torneio de Futebol Amador 1\u00ba de Maio.   <\/p>\n<p>Conhecido como &ldquo;Torneio do Trabalhador&rdquo;, o campe\u00e3o da edi\u00e7\u00e3o 2013, que tem organiza\u00e7\u00e3o da Secretaria de Esportes da Prefeitura de Apucarana, ser\u00e1 conhecido nesta pr\u00f3xima quarta-feira (01\/05), com partidas no Centro Esportivo Hairton Santos (antigo Est\u00e1dio do Jos\u00e9 Rico)<span>. &ldquo;Quero aproveitar este momento para parabenizar a todas as 44 equipes masculinas e duas femininas que participaram do torneio. Mais do que uma competi\u00e7\u00e3o, o &ldquo;1\u00ba de Maio&rdquo; \u00e9 uma tradicional confraterniza\u00e7\u00e3o esportiva que re\u00fane apucaranenses de praticamente todas as regi\u00f5es da cidade e at\u00e9 da zona rural&rdquo;, disse Beto. Ele convida as fam\u00edlias para que compare\u00e7am ao evento final. &ldquo;Ser\u00e1 um feriado, data convidativa para que um grande n\u00famero de torcedores prestigie e abrilhante ainda mais o torneio festivo, organizado pelo munic\u00edpio&rdquo;, diz. <\/span><\/p>\n<p>Das equipes que iniciaram o torneio, habilitaram-se para o t\u00edtulo as equipes da Fazenda Ubatuba\/Pulsar Eletromec&acirc;nica, Time do Rildo, Misto da Ama\/Baiano Futebol Clube, Cavan, Pirap\u00f3 &ldquo;A&rdquo;, Juvenil do Pirap\u00f3, Juvenil do Marcos Freire e Juvenil da Vila Reis. Tamb\u00e9m haver\u00e1 a disputa entre as equipes femininas para a defini\u00e7\u00e3o da campe\u00e3.<\/p>\n<p>A premia\u00e7\u00e3o do 1\u00ba de Maio ser\u00e1 trof\u00e9us e medalhas para os 1\u00ba, 2\u00ba e 3\u00ba lugares, mais jogo de camisa. Trof\u00e9upara o artilheiro e artilheira, goleiro e goleira menos vazada e tamb\u00e9m o Trof\u00e9u Transit\u00f3rio, para o campe\u00e3o da edi\u00e7\u00e3o. <\/p>\n<p><span><b>Programa\u00e7\u00e3o da decis\u00e3o<\/b><br \/><\/span><\/p>\n<p><span>&Agrave;s 8h30, o Misto da Ama\/Baiano Futebol Clube joga contra a Fazenda Ubatuba\/Pulsar Eletromec&acirc;nica. &Agrave;s 9 horas, o Pirap\u00f3 &ldquo;A&rdquo; encara o Juvenil do Pirap\u00f3. &Agrave;s 9h30, jogam Juvenil da Vila Reis e Time do Rildo, e \u00e0s 10 horas, a equipe da Cavan vai enfrentar o Juvenil do Marcos Freire.<\/p>\n<p>Em 2012, o campe\u00e3o do Torneio do Trabalhador de Apucarana foi a Fazenda Ubatuba\/Pulsar Eletromec&acirc;nica. Na final, a equipe venceu o Misto da Ama\/Baiano Futebol Clube por 1 a 0.<\/span><\/p>\n<p><\/p>\n","protected":false},"excerpt":{"rendered":"<p>Conhecido como &ldquo;Torneio do Trabalhador&rdquo;, o campe&atilde;o da edi&ccedil;&atilde;o 2013, que tem organiza&ccedil;&atilde;o da Secretaria de Esportes da Prefeitura de Apucarana, ser&aacute; conhecido nesta pr&oacute;xima quarta-feira (01\/05)<\/p>\n","protected":false},"author":4,"featured_media":0,"comment_status":"closed","ping_status":"closed","sticky":false,"template":"","format":"standard","meta":{"footnotes":""},"categories":[24],"tags":[],"class_list":["post-720","post","type-post","status-publish","format-standard","hentry","category-noticias"],"acf":[],"_links":{"self":[{"href":"https:\/\/www.apucarana.pr.gov.br\/site\/wp-json\/wp\/v2\/posts\/720","targetHints":{"allow":["GET"]}}],"collection":[{"href":"https:\/\/www.apucarana.pr.gov.br\/site\/wp-json\/wp\/v2\/posts"}],"about":[{"href":"https:\/\/www.apucarana.pr.gov.br\/site\/wp-json\/wp\/v2\/types\/post"}],"author":[{"embeddable":true,"href":"https:\/\/www.apucarana.pr.gov.br\/site\/wp-json\/wp\/v2\/users\/4"}],"replies":[{"embeddable":true,"href":"https:\/\/www.apucarana.pr.gov.br\/site\/wp-json\/wp\/v2\/comments?post=720"}],"version-history":[{"count":1,"href":"https:\/\/www.apucarana.pr.gov.br\/site\/wp-json\/wp\/v2\/posts\/720\/revisions"}],"predecessor-version":[{"id":106158,"href":"https:\/\/www.apucarana.pr.gov.br\/site\/wp-json\/wp\/v2\/posts\/720\/revisions\/106158"}],"wp:attachment":[{"href":"https:\/\/www.apucarana.pr.gov.br\/site\/wp-json\/wp\/v2\/media?parent=720"}],"wp:term":[{"taxonomy":"category","embeddable":true,"href":"https:\/\/www.apucarana.pr.gov.br\/site\/wp-json\/wp\/v2\/categories?post=720"},{"taxonomy":"post_tag","embeddable":true,"href":"https:\/\/www.apucarana.pr.gov.br\/site\/wp-json\/wp\/v2\/tags?post=720"}],"curies":[{"name":"wp","href":"https:\/\/api.w.org\/{rel}","templated":true}]}}