{"id":719,"date":"2013-04-26T16:07:00","date_gmt":"2013-04-26T16:07:00","guid":{"rendered":"http:\/\/172.16.0.7\/site-antigo\/?p=719"},"modified":"2024-10-08T09:06:26","modified_gmt":"2024-10-08T12:06:26","slug":"professor-pugialli-confirma-presenca-em-apucarana","status":"publish","type":"post","link":"https:\/\/www.apucarana.pr.gov.br\/site\/professor-pugialli-confirma-presenca-em-apucarana\/","title":{"rendered":"Professor Pugialli confirma presen\u00e7a em Apucarana"},"content":{"rendered":"<p>A Funda\u00e7\u00e3o Cultural e de Turismo de Apucarana (Funcap) recebeu ontem a confirma\u00e7\u00e3o da presen\u00e7a do professor Luiz Carlos Pugialli, no X Congresso Internacional de Turismo Religioso Sustent\u00e1vel, que Apucarana ir\u00e1 sediar de 3 a 5 de junho, no Cine Teatro F\u00eanix.   <\/p>\n<p>&ldquo;Entre v\u00e1rias personalidades que j\u00e1 confirmaram sua vinda a Apucarana, est\u00e1 o professor Pugialli, que \u00e9 o presidente da Comiss\u00e3o Especial Governamental da Jornada Mundial da Juventude que, em julho, reunir\u00e1 milhares de jovens no Rio de Janeiro junto com o Papa Francisco&rdquo;, informa o prefeito Beto Preto.<\/p>\n<p>O vice-prefeito Junior da Femac acrescenta que o Professor Pugialli far\u00e1 em Apucarana, durante o Congresso Internacional de Turismo Religioso, o lan\u00e7amento oficial da Jornada Mundial da Juventude. &ldquo;Esse ato, por si s\u00f3, demonstra a import&acirc;ncia do evento que Apucarana estar\u00e1 sediando&rdquo;, enfatiza o vice-prefeito. <\/p>\n<p>Ainda como prepara\u00e7\u00e3o do Congresso Internacional de Turismo Religioso, Apucarana vai receber no pr\u00f3ximo dia 3 de maio a visita do professor de Turismo Luiz Ernesto Brambatti, da Universidade Federal do Paran\u00e1. &ldquo;Ele \u00e9 um dos mais renomados especialistas dessa \u00e1rea, com v\u00e1rios trabalhos publicados, e vem para prestar orienta\u00e7\u00f5es acerca da organiza\u00e7\u00e3o do congresso&rdquo;, revela Junior a Femac.<\/p>\n<p>A programa\u00e7\u00e3o oficial do X Congresso Internacional de Turismo Religioso Sustent\u00e1vel est\u00e1 sendo divulgada pela Funda\u00e7\u00e3o Cultural e Turismo de Apucarana (Funcap). O cronograma prev\u00ea diversas atividades no per\u00edodo entre os dias 3 e 5 de junho, nas depend\u00eancias do Cine Teatro F\u00eanix. A grade de eventos pode ser conferida pelo site oficial <a href=\"http:\/\/www.congresso.apucarana.pr.gov.br\/\"><span>www.congresso.apucarana.pr.gov.br<\/span><\/a> <\/p>\n<p><b>Confira a programa\u00e7\u00e3o<\/p>\n<p><\/b>  <\/p>\n<p>Com o tema geral &ldquo;Integra\u00e7\u00e3o e Conhecimento: A F\u00e9 em busca da Sustentabilidade, o congresso vai debater v\u00e1rios eixos tem\u00e1ticos com a previs\u00e3o de reunir em torno de 600 pessoas do Brasil e de v\u00e1rios pa\u00edses, entre os quais Argentina, Bol\u00edvia e Espanha. &ldquo;S\u00e3o esperados especialistas em turismo religioso, como ag\u00eancias de viagem, secret\u00e1rios, diretores e estudantes de Turismo&rdquo;, informa o prefeito Beto Preto (PT).<\/p>\n<p>Uma realiza\u00e7\u00e3o da Pastoral do Turismo do Brasil e da Confedera\u00e7\u00e3o Nacional dos Bispos do Brasil (CNBB), com apoio do Minist\u00e9rio do Turismo, Governo do Paran\u00e1, Prefeitura de Apucarana, Universidade Federal do Paran\u00e1 (UFPR), Associa\u00e7\u00e3o Inter-Religiosa de Educa\u00e7\u00e3o (ASSINTEC) e Fecom\u00e9rcio\/PR, o X Congresso Internacional de Turismo Religioso j\u00e1 est\u00e1 com inscri\u00e7\u00f5es abertas. Apucarana disputou a realiza\u00e7\u00e3o da edi\u00e7\u00e3o\/2013 do evento, com os estados do Rio de Janeiro e Minas Gerais. <\/p>\n<p>&ldquo;Al\u00e9m dos atrativos tur\u00edsticos, a escolha levou em considera\u00e7\u00e3o o empenho e o apoio manifestado pela administra\u00e7\u00e3o municipal para sediar o congresso&rdquo;, observa Ruben Moyano, coordenador t\u00e9cnico da Pastoral de Turismo do Brasil e da Confedera\u00e7\u00e3o Nacional dos Bispos do Brasil (CNBB).<\/p>\n<p><\/p>\n","protected":false},"excerpt":{"rendered":"<p>No congresso internacional ser&aacute; feito o lan&ccedil;amento oficial da Jornada Mundial da Juventude, previsto para julho no Rio<\/p>\n","protected":false},"author":4,"featured_media":0,"comment_status":"closed","ping_status":"closed","sticky":false,"template":"","format":"standard","meta":{"footnotes":""},"categories":[24],"tags":[],"class_list":["post-719","post","type-post","status-publish","format-standard","hentry","category-noticias"],"acf":[],"_links":{"self":[{"href":"https:\/\/www.apucarana.pr.gov.br\/site\/wp-json\/wp\/v2\/posts\/719","targetHints":{"allow":["GET"]}}],"collection":[{"href":"https:\/\/www.apucarana.pr.gov.br\/site\/wp-json\/wp\/v2\/posts"}],"about":[{"href":"https:\/\/www.apucarana.pr.gov.br\/site\/wp-json\/wp\/v2\/types\/post"}],"author":[{"embeddable":true,"href":"https:\/\/www.apucarana.pr.gov.br\/site\/wp-json\/wp\/v2\/users\/4"}],"replies":[{"embeddable":true,"href":"https:\/\/www.apucarana.pr.gov.br\/site\/wp-json\/wp\/v2\/comments?post=719"}],"version-history":[{"count":1,"href":"https:\/\/www.apucarana.pr.gov.br\/site\/wp-json\/wp\/v2\/posts\/719\/revisions"}],"predecessor-version":[{"id":106159,"href":"https:\/\/www.apucarana.pr.gov.br\/site\/wp-json\/wp\/v2\/posts\/719\/revisions\/106159"}],"wp:attachment":[{"href":"https:\/\/www.apucarana.pr.gov.br\/site\/wp-json\/wp\/v2\/media?parent=719"}],"wp:term":[{"taxonomy":"category","embeddable":true,"href":"https:\/\/www.apucarana.pr.gov.br\/site\/wp-json\/wp\/v2\/categories?post=719"},{"taxonomy":"post_tag","embeddable":true,"href":"https:\/\/www.apucarana.pr.gov.br\/site\/wp-json\/wp\/v2\/tags?post=719"}],"curies":[{"name":"wp","href":"https:\/\/api.w.org\/{rel}","templated":true}]}}