{"id":715,"date":"2013-04-25T13:56:00","date_gmt":"2013-04-25T13:56:00","guid":{"rendered":"http:\/\/172.16.0.7\/site-antigo\/?p=715"},"modified":"2024-10-08T09:06:26","modified_gmt":"2024-10-08T12:06:26","slug":"apucarana-realiza-solenidade-de-sao-jose","status":"publish","type":"post","link":"https:\/\/www.apucarana.pr.gov.br\/site\/apucarana-realiza-solenidade-de-sao-jose\/","title":{"rendered":"Apucarana realiza &#8220;Solenidade de S\u00e3o Jos\u00e9&#8221;"},"content":{"rendered":"<p>O Santu\u00e1rio e a Congrega\u00e7\u00e3o dos Oblatos de S\u00e3o Jos\u00e9 convidam as fam\u00edlias para participar da &ldquo;Solenidade de S\u00e3o Jos\u00e9&rdquo;. O evento acontece das 8 \u00e0s 16h30 deste dia 4 de maio, no Santu\u00e1rio S\u00e3o Jos\u00e9, em Apucarana. Com participa\u00e7\u00e3o da Diocese de Apucarana, leigos Josefinos e Fraternidades de S\u00e3o Jos\u00e9 do Paran\u00e1 e de S\u00e3o Paulo, a programa\u00e7\u00e3o marca o &ldquo;Ano da F\u00e9&rdquo;, que celebra a F\u00e9 de Jos\u00e9 e Maria e &ldquo;a nossa F\u00e9 no dia a dia&rdquo;.   <\/p>\n<p>&Agrave;s 8 horas ter\u00e1 Louvor da Manh\u00e3; \u00e0s 9 horas Caminhada com S\u00e3o Jos\u00e9 &ndash; in\u00edcio em frente ao Col\u00e9gio S\u00e3o Jos\u00e9; 10 horas celebra\u00e7\u00e3o da Eucaristia com b\u00ean\u00e7\u00e3o de S\u00e3o Jos\u00e9; 12 horas almo\u00e7o no sal\u00e3o do Santu\u00e1rio; 13 horas atividades culturais (sala de iconografia, stands das pastorais); 14 horas Momento Jovem; 15 horas, Forma\u00e7\u00e3o e Conhecimento (com Jos\u00e9 e Maria, a F\u00e9 nossa de cada dia!); 16 horas Adora\u00e7\u00e3o Eucar\u00edstica; 16h30, Encerramento. Mais informa\u00e7\u00f5es pelo 3033-1899 ou pelo e-mail <b><a href=\"mailto:santuariosaojose@hotmail.com\">santuariosaojose@hotmail.com<\/a><\/b>.<\/p>\n<p><\/p>\n","protected":false},"excerpt":{"rendered":"<p>Evento ter&aacute; participa&ccedil;&atilde;o da Diocese de Apucarana, leigos Josefinos e Fraternidades de S&atilde;o Jos&eacute; do Paran&aacute; e de S&atilde;o Paulo<\/p>\n","protected":false},"author":4,"featured_media":0,"comment_status":"closed","ping_status":"closed","sticky":false,"template":"","format":"standard","meta":{"footnotes":""},"categories":[24],"tags":[],"class_list":["post-715","post","type-post","status-publish","format-standard","hentry","category-noticias"],"acf":[],"_links":{"self":[{"href":"https:\/\/www.apucarana.pr.gov.br\/site\/wp-json\/wp\/v2\/posts\/715","targetHints":{"allow":["GET"]}}],"collection":[{"href":"https:\/\/www.apucarana.pr.gov.br\/site\/wp-json\/wp\/v2\/posts"}],"about":[{"href":"https:\/\/www.apucarana.pr.gov.br\/site\/wp-json\/wp\/v2\/types\/post"}],"author":[{"embeddable":true,"href":"https:\/\/www.apucarana.pr.gov.br\/site\/wp-json\/wp\/v2\/users\/4"}],"replies":[{"embeddable":true,"href":"https:\/\/www.apucarana.pr.gov.br\/site\/wp-json\/wp\/v2\/comments?post=715"}],"version-history":[{"count":1,"href":"https:\/\/www.apucarana.pr.gov.br\/site\/wp-json\/wp\/v2\/posts\/715\/revisions"}],"predecessor-version":[{"id":106163,"href":"https:\/\/www.apucarana.pr.gov.br\/site\/wp-json\/wp\/v2\/posts\/715\/revisions\/106163"}],"wp:attachment":[{"href":"https:\/\/www.apucarana.pr.gov.br\/site\/wp-json\/wp\/v2\/media?parent=715"}],"wp:term":[{"taxonomy":"category","embeddable":true,"href":"https:\/\/www.apucarana.pr.gov.br\/site\/wp-json\/wp\/v2\/categories?post=715"},{"taxonomy":"post_tag","embeddable":true,"href":"https:\/\/www.apucarana.pr.gov.br\/site\/wp-json\/wp\/v2\/tags?post=715"}],"curies":[{"name":"wp","href":"https:\/\/api.w.org\/{rel}","templated":true}]}}