{"id":714,"date":"2013-04-24T17:53:59","date_gmt":"2013-04-24T17:53:59","guid":{"rendered":"http:\/\/172.16.0.7\/site-antigo\/?p=714"},"modified":"2024-10-08T09:06:26","modified_gmt":"2024-10-08T12:06:26","slug":"gestao-anterior-investiu-apenas-28-35-em-acao-social-em-2012","status":"publish","type":"post","link":"https:\/\/www.apucarana.pr.gov.br\/site\/gestao-anterior-investiu-apenas-28-35-em-acao-social-em-2012\/","title":{"rendered":"Gest\u00e3o anterior investiu apenas 28,35% em A\u00e7\u00e3o Social em 2012"},"content":{"rendered":"<p><p>Apesar de ter recursos vinculados em caixa para serem aplicados em Programas de Prote\u00e7\u00e3o Social B\u00e1sica e Prote\u00e7\u00e3o Social Especial durante o Exerc\u00edcio Fiscal de 2012, a gest\u00e3o anterior investiu, em todo o ano passado, apenas 28,35% do recebido via Fundo Nacional da Assist\u00eancia Social (FNAS). Dos mais de R$1,3 milh\u00e3o repassados pelo Governo Federal, atrav\u00e9s do Minist\u00e9rio do Desenvolvimento Social e Combate \u00e0 Fome (MDS), para atender a programa e projetos em benef\u00edcio da popula\u00e7\u00e3o carente de Apucarana, apenas R$289,2 mil foram oficialmente aplicados.<\/p>\n<p>A irregularidade rendeu ao Munic\u00edpio uma notifica\u00e7\u00e3o oficial por parte do MDS para que uma justificativa plaus\u00edvel fosse apresentada, sob pena da perda dos recursos e impossibilidade de serem firmados novos conv\u00eanios e ampliados atendimentos como <span>o Programa Bolsa Fam\u00edlia, cursos para a comunidade e outros atendimentos oferecidos no Centro Social Urbano e Centros de Refer\u00eancias da Assist\u00eancia Social (CRAS). &ldquo;Infelizmente, desde que assumimos a prefeitura \u00e9 praticamente uma surpresa negativa por dia, onde descobrimos verdadeiramente como a nossa cidade vinha sendo conduzida, ou seja, na base do improviso administrativo, sem planejamento e crit\u00e9rio na aplica\u00e7\u00e3o dos recursos. Este \u00e9 um exemplo bastante n\u00edtido, onde a prefeitura \u00e9 notificada por uma falha desta magnitude, em uma \u00e1rea t\u00e3o importante, direcionada a uma parcela da popula\u00e7\u00e3o que mais precisa do poder p\u00fablico&rdquo;, lamenta o prefeito Beto Preto (PT), ressaltando que o setor agora &ldquo;\u00e9 uma das prioridades do governo&rdquo;.<\/span><\/p>\n<p>Para n\u00e3o perder os recursos, Beto determinou e a equipe da Secretaria da Assist\u00eancia Municipal, juntamente como o Conselho Municipal da Assist\u00eancia Social de Apucarana, emitiu documenta\u00e7\u00e3o ao Governo Federal com a reprograma\u00e7\u00e3o de utiliza\u00e7\u00e3o dos recursos ao longo do exerc\u00edcio fiscal de 2013. &ldquo;Esta medida administrativa foi fundamental para que n\u00e3o perd\u00eassemos este dinheiro&rdquo;, esclarece M\u00e1rcia Regina de Souza, secret\u00e1ria Municipal da Assist\u00eancia Social. <\/p>\n<p>Apesar de s\u00e3o ter sido utilizado como deveria, o montante foi tratado pela gest\u00e3o anterior como &ldquo;sobras&rdquo; e que o percentual de execu\u00e7\u00e3o do piso b\u00e1sico e dos programas do Sistema &Uacute;nico de Assist\u00eancia Social (SUAS) foi de apenas 28,35% do valor repassado pela Uni\u00e3o pois o munic\u00edpio teria usado recursos pr\u00f3prios &ldquo;n\u00e3o havendo descontinuidade das a\u00e7\u00f5es de assist\u00eancia social&rdquo;. <\/p>\n<p>Do piso total de 1.309.551,19 repassados em 2012, apenas R$289,2 mil foram efetivamente aplicados pela gest\u00e3o anterior. &ldquo;Devido esta situa\u00e7\u00e3o, corremos o risco de voltarmos para gest\u00e3o b\u00e1sica, ou seja, perdermos v\u00e1rios recursos pois nossos CRAS por falta deste montante financeiro que foi depositado por\u00e9m n\u00e3o executado, n\u00e3o atendem as exig\u00eancias do Minist\u00e9rio do Desenvolvimento Social. Al\u00e9m de todo este transtorno burocr\u00e1tico, com este epis\u00f3dio o munic\u00edpio j\u00e1 perdeu alguns prazos, que iam at\u00e9 31 de dezembro de 2012. A popula\u00e7\u00e3o, contudo, pode ficar tranquila e ter a certeza de que a nova administra\u00e7\u00e3o j\u00e1 atua no sentido de reparar esta e outras falhas, garantindo a plenitude da qualidade em todas as a\u00e7\u00f5es sociais no munic\u00edpio&rdquo;, complementou Suely Cebriam Lopes Scarpelini Kaminski, diretora-geral da Secretaria da Assist\u00eancia Social da Prefeitura de Apucarana.<\/p>\n<p><\/p>\n","protected":false},"excerpt":{"rendered":"<p>A irregularidade rendeu ao Munic&iacute;pio uma notifica&ccedil;&atilde;o oficial por parte do MDS para que uma justificativa plaus&iacute;vel fosse apresentada, sob pena da perda dos recursos <\/p>\n","protected":false},"author":4,"featured_media":0,"comment_status":"closed","ping_status":"closed","sticky":false,"template":"","format":"standard","meta":{"footnotes":""},"categories":[24],"tags":[],"class_list":["post-714","post","type-post","status-publish","format-standard","hentry","category-noticias"],"acf":[],"_links":{"self":[{"href":"https:\/\/www.apucarana.pr.gov.br\/site\/wp-json\/wp\/v2\/posts\/714","targetHints":{"allow":["GET"]}}],"collection":[{"href":"https:\/\/www.apucarana.pr.gov.br\/site\/wp-json\/wp\/v2\/posts"}],"about":[{"href":"https:\/\/www.apucarana.pr.gov.br\/site\/wp-json\/wp\/v2\/types\/post"}],"author":[{"embeddable":true,"href":"https:\/\/www.apucarana.pr.gov.br\/site\/wp-json\/wp\/v2\/users\/4"}],"replies":[{"embeddable":true,"href":"https:\/\/www.apucarana.pr.gov.br\/site\/wp-json\/wp\/v2\/comments?post=714"}],"version-history":[{"count":1,"href":"https:\/\/www.apucarana.pr.gov.br\/site\/wp-json\/wp\/v2\/posts\/714\/revisions"}],"predecessor-version":[{"id":106164,"href":"https:\/\/www.apucarana.pr.gov.br\/site\/wp-json\/wp\/v2\/posts\/714\/revisions\/106164"}],"wp:attachment":[{"href":"https:\/\/www.apucarana.pr.gov.br\/site\/wp-json\/wp\/v2\/media?parent=714"}],"wp:term":[{"taxonomy":"category","embeddable":true,"href":"https:\/\/www.apucarana.pr.gov.br\/site\/wp-json\/wp\/v2\/categories?post=714"},{"taxonomy":"post_tag","embeddable":true,"href":"https:\/\/www.apucarana.pr.gov.br\/site\/wp-json\/wp\/v2\/tags?post=714"}],"curies":[{"name":"wp","href":"https:\/\/api.w.org\/{rel}","templated":true}]}}