{"id":713,"date":"2013-04-24T17:46:00","date_gmt":"2013-04-24T17:46:00","guid":{"rendered":"http:\/\/172.16.0.7\/site-antigo\/?p=713"},"modified":"2024-10-08T09:06:26","modified_gmt":"2024-10-08T12:06:26","slug":"peregrinacao-de-apucarana-a-lunardelli-abre-inscricoes","status":"publish","type":"post","link":"https:\/\/www.apucarana.pr.gov.br\/site\/peregrinacao-de-apucarana-a-lunardelli-abre-inscricoes\/","title":{"rendered":"Peregrina\u00e7\u00e3o de Apucarana a Lunardelli abre inscri\u00e7\u00f5es"},"content":{"rendered":"<\/p>\n<p>A Funda\u00e7\u00e3o Cultural e Turismo da Prefeitura de Apucarana anuncia que est\u00e1 com inscri\u00e7\u00f5es abertas para mais uma edi\u00e7\u00e3o da Rota Religiosa &ldquo;F\u00e9 na Estrada&rdquo;. <\/p>\n<p>Uma caminhada de 100 quil&ocirc;metros entre o Parque Ecol\u00f3gico Santo Expedito, em Apucarana, e o Santu\u00e1rio Santa Rita de C\u00e1ssia, em Lunardelli, o percurso neste ano ter\u00e1 sa\u00edda no dia 30 de maio, \u00e0s 7h30, e a chegada \u00e9 prevista para \u00e0s 12 horas do dia 2 de junho. <\/p>\n<p>Com passagem por belas estradas e propriedades rurais, os caminhantes ter\u00e3o direito a caf\u00e9 da manh\u00e3, almo\u00e7o e jantar, al\u00e9m de pernoite. &ldquo;Apoio, \u00e1gua e frutas tamb\u00e9m ser\u00e3o disponibilizadas aos caminhantes ao longo do percurso&rdquo;, esclarece Edinei Mansano, diretor-presidente da Funda\u00e7\u00e3o.<\/p>\n<p>A participa\u00e7\u00e3o custa apenas R$200 por pessoa e deve ser feita com anteced\u00eancia no Cine Teatro F\u00eanix. Mais informa\u00e7\u00f5es pelo 3423-2944.<\/p>\n<p><\/p>\n","protected":false},"excerpt":{"rendered":"<p>Com passagem por belas estradas e propriedades rurais, os caminhantes ter&atilde;o direito a caf&eacute; da manh&atilde;, almo&ccedil;o e jantar, al&eacute;m de pernoite<\/p>\n","protected":false},"author":4,"featured_media":0,"comment_status":"closed","ping_status":"closed","sticky":false,"template":"","format":"standard","meta":{"footnotes":""},"categories":[24],"tags":[],"class_list":["post-713","post","type-post","status-publish","format-standard","hentry","category-noticias"],"acf":[],"_links":{"self":[{"href":"https:\/\/www.apucarana.pr.gov.br\/site\/wp-json\/wp\/v2\/posts\/713","targetHints":{"allow":["GET"]}}],"collection":[{"href":"https:\/\/www.apucarana.pr.gov.br\/site\/wp-json\/wp\/v2\/posts"}],"about":[{"href":"https:\/\/www.apucarana.pr.gov.br\/site\/wp-json\/wp\/v2\/types\/post"}],"author":[{"embeddable":true,"href":"https:\/\/www.apucarana.pr.gov.br\/site\/wp-json\/wp\/v2\/users\/4"}],"replies":[{"embeddable":true,"href":"https:\/\/www.apucarana.pr.gov.br\/site\/wp-json\/wp\/v2\/comments?post=713"}],"version-history":[{"count":1,"href":"https:\/\/www.apucarana.pr.gov.br\/site\/wp-json\/wp\/v2\/posts\/713\/revisions"}],"predecessor-version":[{"id":106165,"href":"https:\/\/www.apucarana.pr.gov.br\/site\/wp-json\/wp\/v2\/posts\/713\/revisions\/106165"}],"wp:attachment":[{"href":"https:\/\/www.apucarana.pr.gov.br\/site\/wp-json\/wp\/v2\/media?parent=713"}],"wp:term":[{"taxonomy":"category","embeddable":true,"href":"https:\/\/www.apucarana.pr.gov.br\/site\/wp-json\/wp\/v2\/categories?post=713"},{"taxonomy":"post_tag","embeddable":true,"href":"https:\/\/www.apucarana.pr.gov.br\/site\/wp-json\/wp\/v2\/tags?post=713"}],"curies":[{"name":"wp","href":"https:\/\/api.w.org\/{rel}","templated":true}]}}