{"id":712,"date":"2013-04-24T17:42:59","date_gmt":"2013-04-24T17:42:59","guid":{"rendered":"http:\/\/172.16.0.7\/site-antigo\/?p=712"},"modified":"2024-10-08T09:06:26","modified_gmt":"2024-10-08T12:06:26","slug":"apucarana-adere-a-programa-de-habitacao-rural-2","status":"publish","type":"post","link":"https:\/\/www.apucarana.pr.gov.br\/site\/apucarana-adere-a-programa-de-habitacao-rural-2\/","title":{"rendered":"Apucarana adere a programa de habita\u00e7\u00e3o rural"},"content":{"rendered":"<p>Agricultores familiares de Apucarana conhecem nesta quinta-feira (25\/04), \u00e0s 9 horas, no sal\u00e3o nobre da Prefeitura de Apucarana, detalhes do programa habitacional Minha Casa, Minha Vida Rural, que oferece subs\u00eddios para a constru\u00e7\u00e3o ou reforma de im\u00f3veis aos agricultores familiares, trabalhadores e aposentados rurais. <\/p>\n<p>O encontro \u00e9 organizado pela Secretaria da Agricultura da Prefeitura de Apucarana. &ldquo;Historicamente os programas habitacionais sempre contemplaram as popula\u00e7\u00f5es urbanas, \u00e9 passada a hora do homem do campo tamb\u00e9m ser atendido pelo poder p\u00fablico com moradias dignas. Certamente com este programa vamos elevar a qualidade de vida dos pequenos e m\u00e9dios agricultores que se enquadram na iniciativa&rdquo;, informou o prefeito Beto Preto (PT).<span> <\/p>\n<p><\/span>  <\/p>\n<p>O n\u00famero de casas que ser\u00e3o viabilizadas para Apucarana vai depender da demanda ou interesse do p\u00fablico alvo. Segundo o secret\u00e1rio da pasta, Jo\u00e3o Carmo da Fonseca, na reuni\u00e3o desta manh\u00e3 ser\u00e3o apresentadas todas as formas de ingresso do agricultor apucaranense no programa. <\/p>\n<p>&ldquo;S\u00e3o diversas faixas atendidas, dependendo da renda anual do produtor. Mas o mais importante que esta modalidade atende a uma reivindica\u00e7\u00e3o antiga, um sonho de todo o homem do campo, que \u00e9 de ter condi\u00e7\u00f5es dignas de moradia, que ofere\u00e7a melhores condi\u00e7\u00f5es de permanecer morando e produzindo em sua propriedade rural&rdquo;, detalha o secret\u00e1rio.<\/p>\n<p>Quem n\u00e3o puder comparecer ao encontro de hoje, poder\u00e1 obter detalhes sobre o Programa Minha Casa, Minha Vida Rural diretamente com a Secretaria da Agricultura de Apucarana, de segunda a sexta-feira, das 8 \u00e0s 18 horas, pelo 3423-5020.<\/p><\/p>\n","protected":false},"excerpt":{"rendered":"<p>O n&uacute;mero de casas que ser&atilde;o viabilizadas para Apucarana vai depender da demanda ou interesse do p&uacute;blico alvo<\/p>\n","protected":false},"author":4,"featured_media":0,"comment_status":"closed","ping_status":"closed","sticky":false,"template":"","format":"standard","meta":{"footnotes":""},"categories":[24],"tags":[],"class_list":["post-712","post","type-post","status-publish","format-standard","hentry","category-noticias"],"acf":[],"_links":{"self":[{"href":"https:\/\/www.apucarana.pr.gov.br\/site\/wp-json\/wp\/v2\/posts\/712","targetHints":{"allow":["GET"]}}],"collection":[{"href":"https:\/\/www.apucarana.pr.gov.br\/site\/wp-json\/wp\/v2\/posts"}],"about":[{"href":"https:\/\/www.apucarana.pr.gov.br\/site\/wp-json\/wp\/v2\/types\/post"}],"author":[{"embeddable":true,"href":"https:\/\/www.apucarana.pr.gov.br\/site\/wp-json\/wp\/v2\/users\/4"}],"replies":[{"embeddable":true,"href":"https:\/\/www.apucarana.pr.gov.br\/site\/wp-json\/wp\/v2\/comments?post=712"}],"version-history":[{"count":1,"href":"https:\/\/www.apucarana.pr.gov.br\/site\/wp-json\/wp\/v2\/posts\/712\/revisions"}],"predecessor-version":[{"id":106166,"href":"https:\/\/www.apucarana.pr.gov.br\/site\/wp-json\/wp\/v2\/posts\/712\/revisions\/106166"}],"wp:attachment":[{"href":"https:\/\/www.apucarana.pr.gov.br\/site\/wp-json\/wp\/v2\/media?parent=712"}],"wp:term":[{"taxonomy":"category","embeddable":true,"href":"https:\/\/www.apucarana.pr.gov.br\/site\/wp-json\/wp\/v2\/categories?post=712"},{"taxonomy":"post_tag","embeddable":true,"href":"https:\/\/www.apucarana.pr.gov.br\/site\/wp-json\/wp\/v2\/tags?post=712"}],"curies":[{"name":"wp","href":"https:\/\/api.w.org\/{rel}","templated":true}]}}