{"id":711,"date":"2013-04-24T17:39:00","date_gmt":"2013-04-24T17:39:00","guid":{"rendered":"http:\/\/172.16.0.7\/site-antigo\/?p=711"},"modified":"2024-10-08T09:06:26","modified_gmt":"2024-10-08T12:06:26","slug":"fase-municipal-dos-jeps-apresenta-primeiros-campeoes","status":"publish","type":"post","link":"https:\/\/www.apucarana.pr.gov.br\/site\/fase-municipal-dos-jeps-apresenta-primeiros-campeoes\/","title":{"rendered":"Fase municipal dos JEPs apresenta primeiros campe\u00f5es"},"content":{"rendered":"<\/p>\n<p>A Secretaria de Esportes da Prefeitura de Apucarana tem realizado um amplo trabalho t\u00e9cnico junto \u00e0 fase municipal dos 60\u00ba Jogos Escolares do Paran\u00e1 (JEPs). A competi\u00e7\u00e3o, que teve in\u00edcio na \u00faltima sexta-feira re\u00fane 1.578 alunos de 13 col\u00e9gios estaduais, 9 institui\u00e7\u00f5es de ensino particular e duas escolas municipais em competi\u00e7\u00f5es nas modalidades basquete, futsal v&ocirc;lei, v&ocirc;lei de praia, handebol, atletismo, xadrez e t\u00eanis de mesa. S\u00e3o estudantes nascidos de 1996 a 1998 (Classe A), entre 1999 e 2001 (Classe B) e nascidos entre 2001 e 2003 (Classe C). <\/p>\n<p>O futebol de campo n\u00e3o faz parte desta fase dos JEP&rsquo;s, pois ser\u00e1 disputado dentro do projeto &ldquo;Bom de Bola&rdquo;, que vai acontecer de 11 a 18 de maio nas Classes A e B. Para esta competi\u00e7\u00e3o, as inscri\u00e7\u00f5es v\u00e3o at\u00e9 o dia 2 de maio. <\/p>\n<p>Os primeiros campe\u00f5es da fase municipal j\u00e1 s\u00e3o conhecidos e outras modalidades, como o atletismo, ainda v\u00e3o iniciar. &ldquo;As modalidades j\u00e1 encerradas s\u00e3o T\u00eanis de Mesa, Xadrez, V&ocirc;lei de Praia, Baquetebol, Handebol, Futsal e Voleibol. O Atletismo inicia na sexta-feira, \u00e0s 8 horas na pista do Lago\u00e3o&rdquo;, informa professora Dione Gaspar, secret\u00e1ria Municipal de Esporte. Ela frisa que na p\u00e1gina oficial da secretaria na internet, no endere\u00e7o <a href=\"http:\/\/www.apucarana.pr.gov.br\">www.apucarana.pr.gov.br<\/a>, as pessoas interessadas podem ter acesso a resultados e parciais das disputas que terminam no dia 26. A premia\u00e7\u00e3o para todas as equipes vencedoras acontecer\u00e1 no dia 17 de maio, \u00e0s 15 horas, no sal\u00e3o nobre da Prefeitura.<\/p>\n<p>Uma promo\u00e7\u00e3o do Governo do Estado do Paran\u00e1 atrav\u00e9s das secretarias da Educa\u00e7\u00e3o e do Esporte, por interm\u00e9dio dos n\u00facleos regionais de Educa\u00e7\u00e3o, escrit\u00f3rios regionais de Esportes e prefeituras municipais, os JEPs apresentam ainda as etapas Regionais, Macrorregionais e Final, sendo o maior evento esportivo estudantil da Am\u00e9rica Latina.<\/p>\n<p>Mais informa\u00e7\u00f5es pelo 3422-5184, na Secretaria de Esportes de Apucarana.<\/p>\n<p><b>Classifica\u00e7\u00e3o Final<\/b><\/p>\n<p>Basquetebol\/ Feminino\/ Categoria A<br \/>Campe\u00e3o: Col\u00e9gio Plat\u00e3o<\/p>\n<p>Basquetebol\/ Feminino\/ Categoria B<br \/>Campe\u00e3o: Col\u00e9gio Plat\u00e3o<\/p>\n<p>Basquetebol\/ Feminino\/ Categoria C<br \/>Campe\u00e3o: Col\u00e9gio Plat\u00e3o<\/p>\n<p>Basquetebol\/ Masculino\/ Categoria A<br \/>Campe\u00e3o: Col\u00e9gio S\u00e3o Jos\u00e9<\/p>\n<p>Basquetebol\/ Masculino\/ Categoria B<br \/>Campe\u00e3o: Col\u00e9gio S\u00e3o Jos\u00e9<\/p>\n<p>Futsal\/ Feminino\/ Categoria C<br \/>Campe\u00e3o: Col\u00e9gio S\u00e3o Jos\u00e9<\/p>\n<p>Handebol\/ Feminino\/ Categoria C<br \/>Campe\u00e3o: Col\u00e9gio S\u00e3o Jos\u00e9<\/p>\n<p>Handebol\/ Masculino\/ Categoria C<br \/>Campe\u00e3o: Col\u00e9gio Plat\u00e3o<\/p>\n<p>Voleibol\/ Masculino\/ Categoria B<br \/>Campe\u00e3o: Col\u00e9gio Nossa Senhora da Gl\u00f3ria<\/p>\n<p>Voleibol\/ Feminino\/ Categoria C<br \/>Campe\u00e3o: Col\u00e9gio Nossa Senhora da Gl\u00f3ria<\/p>\n<p><b>V&ocirc;lei de praia<\/p>\n<p>Feminino A<\/b><\/p>\n<p>1\u00ba SESI, C<\/p>\n<p>2\u00ba S&Atilde;O JOS&Eacute;, C<\/p>\n<p>3\u00ba UTFPR<\/p>\n<p>4\u00ba MATER DEI, C<\/p>\n<p><b>Feminino B<\/b><\/p>\n<p>1\u00ba TADASHI ENOMOTO, CE<\/p>\n<p>2\u00ba S&Atilde;O JOS&Eacute;, C<\/p>\n<\/p>\n<p><b>Masculino A<\/b><\/p>\n<p>1\u00ba S&Atilde;O JOS&Eacute;, C<\/p>\n<p>2\u00ba NOSSA S. DA GL&Oacute;RIA, C<\/p>\n<p>3\u00ba SESI, C<\/p>\n<p>4\u00ba POLIVALENTE, CE<\/p>\n<\/p>\n<p><b>Masculino B<\/b><\/p>\n<p>1\u00ba TADASHI ENOMOTO, CE<\/p>\n<p>2\u00ba S&Atilde;O JOS&Eacute;, C<\/p>\n<\/p>\n<p><b>T\u00eanis de Mesa<\/b><\/p>\n<\/p>\n<p><b>Categoria<span> &ldquo;A&rdquo; &#8211; Feminino &#8211; Individual<\/span><\/b><\/p>\n<p>1\u00ba<span> Izabele Karine Carneiro (Santos Dumont)<\/span><\/p>\n<p>2\u00ba<span> Renata Caroline Campideli (Santos Dumont)<\/span><\/p>\n<p>3\u00ba<span> Dayse Caroline S. de Oliveira (Santos Dumont)<\/span><\/p>\n<p>4\u00ba Barbara Oliveira (Polivalente)<\/p>\n<p>5&deg; Rafaela Costa ( Plat\u00e3o )<\/p>\n<p>6&deg; Luana Passone ( Polivalente )<\/p>\n<p><b>Categoria<span> &ldquo;A&rdquo; &#8211; Masculino &#8211; Individual<\/span><\/b><\/p>\n<p>1\u00ba<span> Lucas Fran\u00e7a Lopes (Mater Dei)<\/span><\/p>\n<p>2\u00ba<span> Aini T. Kuroki (Mater Dei)<\/span><\/p>\n<p>3\u00ba<span> Murilo de Almeida Dal Bem (S\u00e3o Jos\u00e9)<\/span><\/p>\n<p>4\u00ba Marcelo Domingues ( N. S\u00aa da Gl\u00f3ria )<\/p>\n<p>5&deg; Lucas Souza ( Sesi )<\/p>\n<p>6\u00ba Rafael Pedroso ( S\u00e3o Jos\u00e9 )<\/p>\n<p>7&deg; Matheus Souza ( Sesi )<\/p>\n<p>8\u00ba Alisson L. Venancio ( Santos Dummont)<\/p>\n<p>9&deg; Whadalan Silva ( S\u00e3o Bartolomeu )<\/p>\n<p>10&deg; Phillipe Carneiro ( Vale do Saber )<\/p>\n<p><b>Categoria<span> &ldquo;B&rdquo; &#8211; Feminino &#8211; Individual<\/span><\/b><\/p>\n<p>1\u00ba<span> Maria Let\u00edcia Mendes (Nilo Cairo)<\/span><\/p>\n<p>2\u00ba<span> Jennyfer Kauane Barros (Nilo Cairo)<\/span><\/p>\n<p>3\u00ba<span> Greice Kelly de Oliveira (Santos Dumont)<\/span><\/p>\n<p>4&deg; Sabrina H. Costa ( Santos Dummont)<\/p>\n<p>5\u00ba Yocasta L. Borges ( Plat\u00e3o)<\/p>\n<p>6\u00ba Carolina Martins ( Santos Dummont)<\/p>\n<p><b>Categoria<span> &ldquo;B&rdquo; &#8211; Masculino &#8211; Individual<\/span><\/b><\/p>\n<p>1\u00ba<span> Abel da Silva Ad\u00e3o (S\u00e3o Bartolomeu)<\/span><\/p>\n<p>2\u00ba<span> Carlos Nathan de Lima (Santos Dumont)<\/span><\/p>\n<p>3\u00ba<span> Pedro Augusto T. Maciel (Nossa Senhora da Gl\u00f3ria)<\/span><\/p>\n<p>4&deg; Luiz Frias ( S\u00e3o Jos\u00e9 )<\/p>\n<p>5&deg; Guilherme Silva ( Santos Dummont )<\/p>\n<p>6&deg; Guilherme Pereria ( Santos Dummont )<\/p>\n<p>7\u00ba Jhonthan S. Nogueira ( s\u00e3o Bartolomeu )<\/p>\n<p>8\u00ba Eduardo Navas ( N. S\u00aa Gl\u00f3ria)<\/p>\n<p>9\u00ba Willian A. H Vieira ( Plat\u00e3o )<\/p>\n<p>10&deg; Carlos Dal Bem ( S\u00e3o Jos\u00e9 )<\/p>\n<p><b>Categoria<span> &ldquo;C&rdquo; &#8211; Feminino &#8211; Individual<\/span><\/b><\/p>\n<p>1\u00ba<span> Greice Grabriella de Oliveira (Santos Dumont)<\/span><\/p>\n<p><b>Categoria<span> &ldquo;C&rdquo; &#8211; Masculino <\/span><\/b><\/p>\n<p>1\u00ba<span> Mateus Pancione (Nossa Senhora da Gl\u00f3ria)<\/span><\/p>\n<p>2\u00ba<span> Fernando Santana (Santos Dumont)<\/span><\/p>\n<p>3\u00ba<span> Evandro Judai Filho (Nossa Senhora da Gl\u00f3ria)<\/span><\/p>\n<p>4&deg; Jo\u00e3o Eduardo Judai Filho ( N. S\u00aa Gl\u00f3ria )<\/p>\n<p>5&deg; Jos\u00e9 Vieira ( Santos Dummont )<\/p>\n<\/p>\n<p><b>Categoria<span> &ldquo;A&rdquo; &#8211; Duplas Feminino<\/span><\/b><\/p>\n<p>1\u00ba<span> Col. Alberto Santos Dumont.<\/span><\/p>\n<p><b>Categoria<span> &ldquo;A&rdquo; &#8211; Duplas Masculino<\/span><\/b><\/p>\n<p>1\u00ba<span> Col. Mater Dei <\/span><\/p>\n<p>2\u00ba<span> Escola Nossa Senhora da Gl\u00f3ria<\/span><\/p>\n<p>3\u00ba<span> Col. Sesi<\/span><\/p>\n<p><b>Categoria<span> &ldquo;B&rdquo; &#8211; Duplas Feminino<\/span><\/b><\/p>\n<p>1\u00ba<span> Col\u00e9gio Nilo Cairo<\/span><\/p>\n<p>2\u00ba<span> Col. Alberto Santos Dumont<\/span><\/p>\n<p><b>Categoria<span> &ldquo;B&rdquo; &#8211; Duplas Masculino<\/span><\/b><\/p>\n<p>1\u00ba<span> Col. Alberto Santos Dumont<\/span><\/p>\n<p>2\u00ba<span> Escola Nossa Senhora da Gl\u00f3ria<\/span><\/p>\n<p>3\u00ba<span> S\u00e3o Bartolomeu<\/span><\/p>\n<p><b>Categoria<span> &ldquo;C&rdquo; &#8211; Duplas Feminino<\/span><\/b><\/p>\n<p><b>N\u00e3o teve Competi\u00e7\u00e3o<\/b><\/p>\n<\/p>\n<p><b>Categoria<span> &ldquo;C&rdquo; &#8211; Duplas Masculino<\/span><\/b><\/p>\n<p>1\u00ba<span> Escola Nossa Senhora da Gl\u00f3ria<\/span><\/p>\n<p>2\u00ba<span> Col. Alberto Santos Dumont<\/span><\/p>\n<p><b>CLASSIFICA&Ccedil;&Atilde;O EQUIPE &#8211; XADREZ<\/b><\/p>\n<p>Em breve &#8230;<\/p>\n","protected":false},"excerpt":{"rendered":"<p>Mais informa&ccedil;&otilde;es pelo 3422-5184, na Secretaria de Esportes de Apucarana<\/p>\n","protected":false},"author":4,"featured_media":0,"comment_status":"closed","ping_status":"closed","sticky":false,"template":"","format":"standard","meta":{"footnotes":""},"categories":[24],"tags":[],"class_list":["post-711","post","type-post","status-publish","format-standard","hentry","category-noticias"],"acf":[],"_links":{"self":[{"href":"https:\/\/www.apucarana.pr.gov.br\/site\/wp-json\/wp\/v2\/posts\/711","targetHints":{"allow":["GET"]}}],"collection":[{"href":"https:\/\/www.apucarana.pr.gov.br\/site\/wp-json\/wp\/v2\/posts"}],"about":[{"href":"https:\/\/www.apucarana.pr.gov.br\/site\/wp-json\/wp\/v2\/types\/post"}],"author":[{"embeddable":true,"href":"https:\/\/www.apucarana.pr.gov.br\/site\/wp-json\/wp\/v2\/users\/4"}],"replies":[{"embeddable":true,"href":"https:\/\/www.apucarana.pr.gov.br\/site\/wp-json\/wp\/v2\/comments?post=711"}],"version-history":[{"count":1,"href":"https:\/\/www.apucarana.pr.gov.br\/site\/wp-json\/wp\/v2\/posts\/711\/revisions"}],"predecessor-version":[{"id":106167,"href":"https:\/\/www.apucarana.pr.gov.br\/site\/wp-json\/wp\/v2\/posts\/711\/revisions\/106167"}],"wp:attachment":[{"href":"https:\/\/www.apucarana.pr.gov.br\/site\/wp-json\/wp\/v2\/media?parent=711"}],"wp:term":[{"taxonomy":"category","embeddable":true,"href":"https:\/\/www.apucarana.pr.gov.br\/site\/wp-json\/wp\/v2\/categories?post=711"},{"taxonomy":"post_tag","embeddable":true,"href":"https:\/\/www.apucarana.pr.gov.br\/site\/wp-json\/wp\/v2\/tags?post=711"}],"curies":[{"name":"wp","href":"https:\/\/api.w.org\/{rel}","templated":true}]}}