{"id":710,"date":"2013-04-24T16:39:00","date_gmt":"2013-04-24T16:39:00","guid":{"rendered":"http:\/\/172.16.0.7\/site-antigo\/?p=710"},"modified":"2024-10-08T09:06:26","modified_gmt":"2024-10-08T12:06:26","slug":"cine-teatro-fenix-e-palco-para-artistas-das-apaes","status":"publish","type":"post","link":"https:\/\/www.apucarana.pr.gov.br\/site\/cine-teatro-fenix-e-palco-para-artistas-das-apaes\/","title":{"rendered":"Cine Teatro F\u00eanix \u00e9 palco para artistas das Apaes"},"content":{"rendered":"<p>O Cine Teatro F\u00eanix viveu nesta quarta-feira (24?4) um dia especial. Estiveram em cena alunos de 15 Apaes (Associa\u00e7\u00f5es de Pais e Amigos dos Excepcionais), pertencentes \u00e0 microrregi\u00e3o de Apucarana. Cerca de 300 alunos se revezam no palco ao longo do dia, em apresenta\u00e7\u00f5es musicais, c\u00eanicas e de dan\u00e7a. O 9\u00ba Festival Regional Nossa Arte \u00e9 uma etapa classificat\u00f3ria para as fases estadual, que ser\u00e1 realizada em Uni\u00e3o da Vit\u00f3ria, e nacional, que ter\u00e1 como sede S\u00e3o Luiz, no Maranh\u00e3o.   <\/p>\n<p>&ldquo;Tenho certeza que voc\u00eas alunos s\u00e3o artistas, exemplos que n\u00f3s devemos seguir. O palco est\u00e1 repleto de alegria, f\u00e9 e emo\u00e7\u00e3o. Parab\u00e9ns diretoras, professoras, representantes das Apaes, pais e m\u00e3es. Apucarana est\u00e1 em festa por ver voc\u00eas dando um exemplo de organiza\u00e7\u00e3o e de supera\u00e7\u00e3o&rdquo;, afirmou Ednei Roberto Rosina Mansano, diretor-presidente da Funda\u00e7\u00e3o Cultural e Turismo. <\/p>\n<p>O festival, que teve tradu\u00e7\u00e3o simult&acirc;nea do cerimonial de abertura para a L\u00edngua Brasileira de Sinais<span> (Libras), foi organizado pelas Apaes de Apucarana, Cambira, Calif\u00f3rnia e Arapongas, com o apoio das prefeituras destes munic\u00edpios. Na oportunidade, Elder Aparecido de Oliveira, vencedor do concurso de cartazes recebeu certificado e medalha. A ilustra\u00e7\u00e3o vencedora foi utilizada em materiais de divulga\u00e7\u00e3o do 9\u00ba Festival de Artes, como folderes e camisetas. <\/span><\/p>\n<p>O evento tem por objetivo a inclus\u00e3o e a integra\u00e7\u00e3o das pessoas com defici\u00eancia na sociedade por meio da arte. &ldquo;Muitas m\u00e3os est\u00e3o unidas em torno desta causa. Recentemente o governador Roberto Richa assinou o anteprojeto de lei que permite que as escolas especiais tenham os mesmos direitos e investimentos das demais unidades da rede estadual&rdquo;, lembrou Maria Onide Sardinha, chefe do N\u00facleo Regional de Ensino de Apucarana. <\/p>\n<p> O Festival de Artes das Apaes incentiva tamb\u00e9m o interc&acirc;mbio, pois proporciona a oportunidade aos selecionados de viajarem a outros locais do Estado e do Brasil. &ldquo;Cremos no potencial, nas habilidades, nas capacidades dos alunos. As professoras se realizam nas apresenta\u00e7\u00f5es, vendo as performances dos alunos no palco. At\u00e9 d\u00f3i no cora\u00e7\u00e3o dizer que h\u00e1 uma sele\u00e7\u00e3o dos melhores, pois o principal trof\u00e9u \u00e9 o dom da vida &rdquo;, destacou Ana L\u00facia Mazeto, prefeita de Calif\u00f3rnia. <\/p>\n<p>Em 1991, foi realizada em S\u00e3o Paulo a primeira edi\u00e7\u00e3o do Festival Nossa Arte e a partir da\u00ed tornou-se tradi\u00e7\u00e3o no Movimento Apaeano. Atualmente, o evento est\u00e1 organizado em tr\u00eas etapas: regional, estadual e nacional. No ano passado, a microrregi\u00e3o de Apucarana ficou com o t\u00edtulo de campe\u00e3o nacional de artes c\u00eanicas, atrav\u00e9s da Apae de Cambira. &ldquo;O Festival \u00e9 um dia gostoso, de revela\u00e7\u00f5es e que desperta sentimentos. Deixamos de lado tudo o que \u00e9 triste e nos deixamos embalar pelos sonhos&rdquo;, descreve Izabel Ortega, diretora da Apae de Apucarana. <\/p>\n<p>O IX Festival Reginal Nossa Arte premiou as  categorias Dan\u00e7a &#8211; 1\u00ba lugar: Cambira; 2\u00ba Apucarana e 3\u00ba Calif\u00f3rnia;  categoria Artes Musicais &#8211; 1\u00ba Apucarana; 2\u00ba Arapongas; 3\u00ba Cambira;  categoria Artes C\u00eanicas &#8211; 1\u00ba Cambira; 2\u00ba Sab\u00e1udia; 3\u00ba Faxinal; categoria  Dan\u00e7a Folcl\u00f3rica &#8211; 1\u00ba Kalor\u00e9; 2\u00ba Maril&acirc;ndia e 3\u00ba Arapongas.<\/p><\/p>\n","protected":false},"excerpt":{"rendered":"<p>O evento tem por objetivo a inclus&atilde;o e a integra&ccedil;&atilde;o das pessoas com defici&ecirc;ncia na sociedade por meio da arte<\/p>\n","protected":false},"author":4,"featured_media":0,"comment_status":"closed","ping_status":"closed","sticky":false,"template":"","format":"standard","meta":{"footnotes":""},"categories":[24],"tags":[],"class_list":["post-710","post","type-post","status-publish","format-standard","hentry","category-noticias"],"acf":[],"_links":{"self":[{"href":"https:\/\/www.apucarana.pr.gov.br\/site\/wp-json\/wp\/v2\/posts\/710","targetHints":{"allow":["GET"]}}],"collection":[{"href":"https:\/\/www.apucarana.pr.gov.br\/site\/wp-json\/wp\/v2\/posts"}],"about":[{"href":"https:\/\/www.apucarana.pr.gov.br\/site\/wp-json\/wp\/v2\/types\/post"}],"author":[{"embeddable":true,"href":"https:\/\/www.apucarana.pr.gov.br\/site\/wp-json\/wp\/v2\/users\/4"}],"replies":[{"embeddable":true,"href":"https:\/\/www.apucarana.pr.gov.br\/site\/wp-json\/wp\/v2\/comments?post=710"}],"version-history":[{"count":1,"href":"https:\/\/www.apucarana.pr.gov.br\/site\/wp-json\/wp\/v2\/posts\/710\/revisions"}],"predecessor-version":[{"id":106168,"href":"https:\/\/www.apucarana.pr.gov.br\/site\/wp-json\/wp\/v2\/posts\/710\/revisions\/106168"}],"wp:attachment":[{"href":"https:\/\/www.apucarana.pr.gov.br\/site\/wp-json\/wp\/v2\/media?parent=710"}],"wp:term":[{"taxonomy":"category","embeddable":true,"href":"https:\/\/www.apucarana.pr.gov.br\/site\/wp-json\/wp\/v2\/categories?post=710"},{"taxonomy":"post_tag","embeddable":true,"href":"https:\/\/www.apucarana.pr.gov.br\/site\/wp-json\/wp\/v2\/tags?post=710"}],"curies":[{"name":"wp","href":"https:\/\/api.w.org\/{rel}","templated":true}]}}