{"id":709,"date":"2013-04-23T18:09:59","date_gmt":"2013-04-23T18:09:59","guid":{"rendered":"http:\/\/172.16.0.7\/site-antigo\/?p=709"},"modified":"2024-10-08T09:06:26","modified_gmt":"2024-10-08T12:06:26","slug":"prefeitura-estabelece-normas-para-limpeza-e-rocagem-de-terrenos","status":"publish","type":"post","link":"https:\/\/www.apucarana.pr.gov.br\/site\/prefeitura-estabelece-normas-para-limpeza-e-rocagem-de-terrenos\/","title":{"rendered":"Prefeitura estabelece normas para limpeza e ro\u00e7agem de terrenos"},"content":{"rendered":"<\/p>\n<p>Prefeitura estabelece normas para limpeza e ro\u00e7agem de terrenos<\/p>\n<p>Os donos de terrenos baldios em Apucarana ter\u00e3o 15 dias, a partir de amanh\u00e3, para realizar a ro\u00e7agem e limpeza de seus im\u00f3veis. O prazo, os servi\u00e7os que devem ser executados e o custo a ser cobrado pelo munic\u00edpio para quem n\u00e3o cumprir a determina\u00e7\u00e3o est\u00e3o detalhados em edital publicado hoje pela prefeitura.<\/p>\n<p>Conforme o decreto do prefeito Beto Preto, al\u00e9m da ro\u00e7agem e limpeza, tamb\u00e9m \u00e9 exigida a retirada de entulhos dos terrenos, visando evitar que o local seja utilizado como dep\u00f3sito de lixo e conseq&uuml;ente prolifera\u00e7\u00e3o de insetos nocivos \u00e0 sa\u00fade. Conforme levantamento da secretaria da Sa\u00fade, as \u00e1reas n\u00e3o edificadas s\u00e3o respons\u00e1veis por mais de 50% do \u00edndice de infesta\u00e7\u00e3o do mosquito da dengue no munic\u00edpio.<\/p>\n<p>A prefeitura fez um levantamento dos terrenos baldios na cidade e a rela\u00e7\u00e3o completa pode ser consultada pelo link<a href=\"http:\/\/apucarana.pr.gov.br\/downloads\/Edital_01_unificado.pdf\">http:\/\/apucarana.pr.gov.br\/downloads\/Edital_01_unificado.pdf<\/a>. Ap\u00f3s o prazo de 15 dias, a pr\u00f3pria prefeitura vai providenciar os servi\u00e7os e a cobran\u00e7a ser\u00e1 encaminhada atrav\u00e9s de boletos os propriet\u00e1rios para pagamento em 30 dias. O servi\u00e7o de ro\u00e7agem e limpeza custar\u00e1 R$ 1,10 o metro quadrado. J\u00e1 para retirada de entulhos ser\u00e1 cobrado R$ 80 por viagem. Em caso da necessidade do uso de p\u00e1 carregadeira o pre\u00e7o estipulado est\u00e1 em R$ 170 por hora trabalhada. <\/p>\n<p>Se o pagamento n\u00e3o for feito dentro do prazo, a cobran\u00e7a, acrescida de encargos legais, ser\u00e1 lan\u00e7ada no carn\u00ea do IPTU do ano seguinte, sendo vedado o pagamento do tributo sem o pagamento da taxa da ro\u00e7agem e dos outros servi\u00e7os executados pelo munic\u00edpio.<\/p>\n<p><\/p>\n","protected":false},"excerpt":{"rendered":"<p>Propriet&aacute;rios ter&atilde;o 15 dias, a partir de amanh&atilde;, para realizar os servi&ccedil;os<\/p>\n","protected":false},"author":4,"featured_media":0,"comment_status":"closed","ping_status":"closed","sticky":false,"template":"","format":"standard","meta":{"footnotes":""},"categories":[24],"tags":[],"class_list":["post-709","post","type-post","status-publish","format-standard","hentry","category-noticias"],"acf":[],"_links":{"self":[{"href":"https:\/\/www.apucarana.pr.gov.br\/site\/wp-json\/wp\/v2\/posts\/709","targetHints":{"allow":["GET"]}}],"collection":[{"href":"https:\/\/www.apucarana.pr.gov.br\/site\/wp-json\/wp\/v2\/posts"}],"about":[{"href":"https:\/\/www.apucarana.pr.gov.br\/site\/wp-json\/wp\/v2\/types\/post"}],"author":[{"embeddable":true,"href":"https:\/\/www.apucarana.pr.gov.br\/site\/wp-json\/wp\/v2\/users\/4"}],"replies":[{"embeddable":true,"href":"https:\/\/www.apucarana.pr.gov.br\/site\/wp-json\/wp\/v2\/comments?post=709"}],"version-history":[{"count":1,"href":"https:\/\/www.apucarana.pr.gov.br\/site\/wp-json\/wp\/v2\/posts\/709\/revisions"}],"predecessor-version":[{"id":106169,"href":"https:\/\/www.apucarana.pr.gov.br\/site\/wp-json\/wp\/v2\/posts\/709\/revisions\/106169"}],"wp:attachment":[{"href":"https:\/\/www.apucarana.pr.gov.br\/site\/wp-json\/wp\/v2\/media?parent=709"}],"wp:term":[{"taxonomy":"category","embeddable":true,"href":"https:\/\/www.apucarana.pr.gov.br\/site\/wp-json\/wp\/v2\/categories?post=709"},{"taxonomy":"post_tag","embeddable":true,"href":"https:\/\/www.apucarana.pr.gov.br\/site\/wp-json\/wp\/v2\/tags?post=709"}],"curies":[{"name":"wp","href":"https:\/\/api.w.org\/{rel}","templated":true}]}}