{"id":707,"date":"2013-04-23T17:32:00","date_gmt":"2013-04-23T17:32:00","guid":{"rendered":"http:\/\/172.16.0.7\/site-antigo\/?p=707"},"modified":"2024-10-08T09:06:26","modified_gmt":"2024-10-08T12:06:26","slug":"unimed-suspende-parceria-que-subsidiaria-vacinas-a-servidores","status":"publish","type":"post","link":"https:\/\/www.apucarana.pr.gov.br\/site\/unimed-suspende-parceria-que-subsidiaria-vacinas-a-servidores\/","title":{"rendered":"Unimed suspende parceria que subsidiaria vacinas a servidores"},"content":{"rendered":"<p>A Unimed do Brasil, atrav\u00e9s da Central de Compras, suspendeu temporariamente em todas as suas unidades, a Compra Conjunta de Vacinas da Gripe. A decis\u00e3o foi comunicada \u00e0 Unimed Apucarana via of\u00edcio pelo diretor de Integra\u00e7\u00e3o Cooperativista e Mercado da Unimed do Brasil, Dr. Valdm\u00e1rio Rodrigues J\u00fanior.   <\/p>\n<p>A medida nacional afeta diretamente a parceria local firmada na \u00faltima semana entre a associa\u00e7\u00e3o m\u00e9dica, Prefeitura de Apucarana e Associa\u00e7\u00e3o dos Funcion\u00e1rios P\u00fablicos (AFAP), que iria oferecer, a pre\u00e7os subsidiados, doses de vacinas contra a Gripe a servidores p\u00fablicos municipais e dependentes diretos. <\/p>\n<p>Segundo o esclarecimento oficial, a procura pelas doses nas 92 Unimed&rsquo;s espalhadas pelo pa\u00eds superou inclusive a margem de crescimento (reserva) prevista. &ldquo;A Central de Compras mensurou um poss\u00edvel aumento de 42% referente \u00e0 Compra Conjunta de Vacinas realizada em 2012, cuja demanda final foi de 37.710 doses vendidas&rdquo; &#8230; &ldquo;sendo assim foram negociadas e reservadas um total de 65 mil vacinas para a gripe. Essa mesma demanda foi alcan\u00e7ada ao t\u00e9rmino da primeira semana da vig\u00eancia da Compra Conjunta de Vacinas 2013&rdquo;, diz trecho do of\u00edcio.<\/p>\n<p>De acordo com o presidente da Associa\u00e7\u00e3o dos Funcion\u00e1rios P\u00fablicos de Apucarana (AFA), Cezarino Alves Vilas Boas, a Central de Vacinas da Unimed est\u00e1 monitorando o mercado em busca de vacinas. &ldquo;Eles est\u00e3o em contato com os principais laborat\u00f3rios para que a compra conjunta possa ser retomada ou mesmo lan\u00e7ada uma nova campanha junto a outro fornecedor. Assim que tenhamos novidades voltamos a informar os servidores&rdquo;, comunica Cezarino. <\/p>\n<p>Servidores que fizeram a reserva da vacina podem receber esclarecimento sobre a suspens\u00e3o tempor\u00e1ria da parceria pelo telefone 3422-4000 &ndash; ramal 4230. Pelo acordo, cada dose custaria apenas R$24,80, com desconto em folha. A mesma vacina, na rede particular, custa em m\u00e9dia R$60. <\/p>\n<p><\/p>\n","protected":false},"excerpt":{"rendered":"<p>Segundo o esclarecimento oficial, a procura pelas doses nas 92 Unimed&rsquo;s espalhadas pelo pa&iacute;s superou inclusive a margem de crescimento (reserva) prevista<\/p>\n","protected":false},"author":4,"featured_media":0,"comment_status":"closed","ping_status":"closed","sticky":false,"template":"","format":"standard","meta":{"footnotes":""},"categories":[24],"tags":[],"class_list":["post-707","post","type-post","status-publish","format-standard","hentry","category-noticias"],"acf":[],"_links":{"self":[{"href":"https:\/\/www.apucarana.pr.gov.br\/site\/wp-json\/wp\/v2\/posts\/707","targetHints":{"allow":["GET"]}}],"collection":[{"href":"https:\/\/www.apucarana.pr.gov.br\/site\/wp-json\/wp\/v2\/posts"}],"about":[{"href":"https:\/\/www.apucarana.pr.gov.br\/site\/wp-json\/wp\/v2\/types\/post"}],"author":[{"embeddable":true,"href":"https:\/\/www.apucarana.pr.gov.br\/site\/wp-json\/wp\/v2\/users\/4"}],"replies":[{"embeddable":true,"href":"https:\/\/www.apucarana.pr.gov.br\/site\/wp-json\/wp\/v2\/comments?post=707"}],"version-history":[{"count":1,"href":"https:\/\/www.apucarana.pr.gov.br\/site\/wp-json\/wp\/v2\/posts\/707\/revisions"}],"predecessor-version":[{"id":106171,"href":"https:\/\/www.apucarana.pr.gov.br\/site\/wp-json\/wp\/v2\/posts\/707\/revisions\/106171"}],"wp:attachment":[{"href":"https:\/\/www.apucarana.pr.gov.br\/site\/wp-json\/wp\/v2\/media?parent=707"}],"wp:term":[{"taxonomy":"category","embeddable":true,"href":"https:\/\/www.apucarana.pr.gov.br\/site\/wp-json\/wp\/v2\/categories?post=707"},{"taxonomy":"post_tag","embeddable":true,"href":"https:\/\/www.apucarana.pr.gov.br\/site\/wp-json\/wp\/v2\/tags?post=707"}],"curies":[{"name":"wp","href":"https:\/\/api.w.org\/{rel}","templated":true}]}}