{"id":706,"date":"2013-04-23T17:03:59","date_gmt":"2013-04-23T17:03:59","guid":{"rendered":"http:\/\/172.16.0.7\/site-antigo\/?p=706"},"modified":"2024-10-08T09:06:26","modified_gmt":"2024-10-08T12:06:26","slug":"apucarana-investe-mais-de-rs3-milhoes-em-asfalto","status":"publish","type":"post","link":"https:\/\/www.apucarana.pr.gov.br\/site\/apucarana-investe-mais-de-rs3-milhoes-em-asfalto\/","title":{"rendered":"Apucarana investe mais de R$3 milh\u00f5es em asfalto"},"content":{"rendered":"<p>Al\u00e9m da opera\u00e7\u00e3o tapa-buracos, a Secretaria de Obras da Prefeitura de Apucarana mant\u00e9m diariamente uma frente de aplica\u00e7\u00e3o de emuls\u00e3o asf\u00e1ltica impermeabilizante, conhecida como lama asf\u00e1ltica. &ldquo;Desde janeiro, diversos bairros j\u00e1 foram atendidos com a benfeitoria. Na \u00faltima semana, por exemplo, recuperamos as vias do Parque Ecol\u00f3gico da Raposa&rdquo;, informa o prefeito Beto Preto (PT).   <\/p>\n<p>Hoje (ter\u00e7a-feira &ndash; 23\/04), os trabalhos atenderam ruas do Bairro 28 de Janeiro. &ldquo;Esta \u00e9 uma modalidade de recupera\u00e7\u00e3o que rejuvenesce por completo o pavimento, dando total trafegabilidade a trechos que estavam bastante deteriorados&rdquo;, esclarece Beto. <\/p>\n<p>Segundo o secret\u00e1rio de Obras, vice-prefeito J\u00fanior da Femac, projetos visando a conquista de recursos para recape e asfalto novo j\u00e1 foram enviados pela atual administra\u00e7\u00e3o aos governos Estadual e Federal. &ldquo;Temos uma grande expectativa quanto a estes processos. Com trabalho vamos superar as dificuldades herdadas por anos de investimentos falhos e equivocados no setor&rdquo;, destacou Femac.<\/p>\n<p><b>Em execu\u00e7\u00e3o<\/b><\/p>\n<p>Atualmente duas grandes frentes de asfalto novo est\u00e3o em andamento em Apucarana e superam os R$3 milh\u00f5es em investimentos p\u00fablicos. Uma contempla a segunda etapa de pavimenta\u00e7\u00e3o da estrada que liga a Vila Regina ao Contorno Sul, via Estrada do Barreiro. &ldquo;L\u00e1 a benfeitoria compreende um trecho de 2.400 metros de extens\u00e3o&rdquo;, informa o prefeito Beto Preto. A obra est\u00e1 sendo custeada pelo Minist\u00e9rio das Cidades, que liberou R$ 950 mil, e pelo Munic\u00edpio, que est\u00e1 dando uma contrapartida de mais R$ 200 mil.<\/p>\n<p>A outra frente em execu\u00e7\u00e3o atende com asfalto novo parte dos jardins Colonial e Avia\u00e7\u00e3o. A obra representa investimento de R$ 2 milh\u00f5es. A quantia de R$ 1,4 milh\u00e3o \u00e9 de recursos do Minist\u00e9rio das Cidades, liberados atrav\u00e9s de emenda or\u00e7ament\u00e1ria do deputado federal Abelardo Lupion. &ldquo;Os R$ 600 mil restantes s\u00e3o a contrapartida do munic\u00edpio&rdquo;, finaliza o prefeito. <\/p>\n<p><\/p>\n","protected":false},"excerpt":{"rendered":"<p>Segundo o secret&aacute;rio de Obras, vice-prefeito J&uacute;nior da Femac, projetos visando a conquista de recursos para recape e asfalto novo j&aacute; foram enviados pela atual administra&ccedil;&atilde;o aos governos Estadual e Federal<\/p>\n","protected":false},"author":4,"featured_media":0,"comment_status":"closed","ping_status":"closed","sticky":false,"template":"","format":"standard","meta":{"footnotes":""},"categories":[24],"tags":[],"class_list":["post-706","post","type-post","status-publish","format-standard","hentry","category-noticias"],"acf":[],"_links":{"self":[{"href":"https:\/\/www.apucarana.pr.gov.br\/site\/wp-json\/wp\/v2\/posts\/706","targetHints":{"allow":["GET"]}}],"collection":[{"href":"https:\/\/www.apucarana.pr.gov.br\/site\/wp-json\/wp\/v2\/posts"}],"about":[{"href":"https:\/\/www.apucarana.pr.gov.br\/site\/wp-json\/wp\/v2\/types\/post"}],"author":[{"embeddable":true,"href":"https:\/\/www.apucarana.pr.gov.br\/site\/wp-json\/wp\/v2\/users\/4"}],"replies":[{"embeddable":true,"href":"https:\/\/www.apucarana.pr.gov.br\/site\/wp-json\/wp\/v2\/comments?post=706"}],"version-history":[{"count":1,"href":"https:\/\/www.apucarana.pr.gov.br\/site\/wp-json\/wp\/v2\/posts\/706\/revisions"}],"predecessor-version":[{"id":106172,"href":"https:\/\/www.apucarana.pr.gov.br\/site\/wp-json\/wp\/v2\/posts\/706\/revisions\/106172"}],"wp:attachment":[{"href":"https:\/\/www.apucarana.pr.gov.br\/site\/wp-json\/wp\/v2\/media?parent=706"}],"wp:term":[{"taxonomy":"category","embeddable":true,"href":"https:\/\/www.apucarana.pr.gov.br\/site\/wp-json\/wp\/v2\/categories?post=706"},{"taxonomy":"post_tag","embeddable":true,"href":"https:\/\/www.apucarana.pr.gov.br\/site\/wp-json\/wp\/v2\/tags?post=706"}],"curies":[{"name":"wp","href":"https:\/\/api.w.org\/{rel}","templated":true}]}}