{"id":704,"date":"2013-04-22T18:06:00","date_gmt":"2013-04-22T18:06:00","guid":{"rendered":"http:\/\/172.16.0.7\/site-antigo\/?p=704"},"modified":"2024-10-08T09:06:26","modified_gmt":"2024-10-08T12:06:26","slug":"polo-da-uab-em-apucarana-triplica-vagas-para-pos-graduacao","status":"publish","type":"post","link":"https:\/\/www.apucarana.pr.gov.br\/site\/polo-da-uab-em-apucarana-triplica-vagas-para-pos-graduacao\/","title":{"rendered":"Polo da UAB em Apucarana triplica vagas para p\u00f3s-gradua\u00e7\u00e3o"},"content":{"rendered":"<p><p>Polo da UAB em Apucarana triplica vagas para cursos de p\u00f3s-gradua\u00e7\u00e3o<\/p>\n<p>Com n\u00famero de vagas quase triplicado, o Polo da Universidade Aberta do Brasil (UAB), em Apucarana, efetuou, no \u00faltimo s\u00e1bado, as matr\u00edculas dos 428 classificados para os cursos de p\u00f3s-gradua\u00e7\u00e3o na institui\u00e7\u00e3o pela Unicentro. Quando se inscreveram, em mar\u00e7o, os interessados tinham a oferta de apenas 150 vagas, 50 para Gest\u00e3o P\u00fablica, 50 para Gest\u00e3o P\u00fablica Municipal e 50 para Gest\u00e3o em Sa\u00fade.<\/p>\n<p>Segundo a secretaria municipal de Ensino Superior, Marli Regina Fernandes da Silva, todos os que procuraram os cursos v\u00e3o poder estudar. &ldquo;A Unicentro transferiu para Apucarana as vagas que n\u00e3o foram preenchidas em outros munic\u00edpios&rdquo;, comemorou. As aulas come\u00e7am no dia 29 de abril. <\/p>\n<p>Os cursos, via Polo Presencial Apucarana do Sistema Universidade Aberta do Brasil (UAB), s\u00e3o ofertados na modalidade \u00e0 dist&acirc;ncia pela Universidade Estadual do Centro-Oeste (Unicentro), de Guarapuava, com reconhecimento do Minist\u00e9rio da Educa\u00e7\u00e3o (MEC). O conte\u00fado das disciplinas ser\u00e1 ministrado com a participa\u00e7\u00e3o de tutores presenciais e aux\u00edlio das novas tecnologias, que envolve o uso de um ambiente virtual, chamado de &ldquo;plataforma moodle&rdquo;.<\/p>\n<p><\/p>\n","protected":false},"excerpt":{"rendered":"<p>N&uacute;mero subiu de 150 para 428 e &eacute; distribuido entre tr&ecirc;s cursos na &aacute;rea de Gest&atilde;o<\/p>\n","protected":false},"author":4,"featured_media":0,"comment_status":"closed","ping_status":"closed","sticky":false,"template":"","format":"standard","meta":{"footnotes":""},"categories":[24],"tags":[],"class_list":["post-704","post","type-post","status-publish","format-standard","hentry","category-noticias"],"acf":[],"_links":{"self":[{"href":"https:\/\/www.apucarana.pr.gov.br\/site\/wp-json\/wp\/v2\/posts\/704","targetHints":{"allow":["GET"]}}],"collection":[{"href":"https:\/\/www.apucarana.pr.gov.br\/site\/wp-json\/wp\/v2\/posts"}],"about":[{"href":"https:\/\/www.apucarana.pr.gov.br\/site\/wp-json\/wp\/v2\/types\/post"}],"author":[{"embeddable":true,"href":"https:\/\/www.apucarana.pr.gov.br\/site\/wp-json\/wp\/v2\/users\/4"}],"replies":[{"embeddable":true,"href":"https:\/\/www.apucarana.pr.gov.br\/site\/wp-json\/wp\/v2\/comments?post=704"}],"version-history":[{"count":1,"href":"https:\/\/www.apucarana.pr.gov.br\/site\/wp-json\/wp\/v2\/posts\/704\/revisions"}],"predecessor-version":[{"id":106173,"href":"https:\/\/www.apucarana.pr.gov.br\/site\/wp-json\/wp\/v2\/posts\/704\/revisions\/106173"}],"wp:attachment":[{"href":"https:\/\/www.apucarana.pr.gov.br\/site\/wp-json\/wp\/v2\/media?parent=704"}],"wp:term":[{"taxonomy":"category","embeddable":true,"href":"https:\/\/www.apucarana.pr.gov.br\/site\/wp-json\/wp\/v2\/categories?post=704"},{"taxonomy":"post_tag","embeddable":true,"href":"https:\/\/www.apucarana.pr.gov.br\/site\/wp-json\/wp\/v2\/tags?post=704"}],"curies":[{"name":"wp","href":"https:\/\/api.w.org\/{rel}","templated":true}]}}