{"id":701,"date":"2013-04-22T12:13:00","date_gmt":"2013-04-22T12:13:00","guid":{"rendered":"http:\/\/172.16.0.7\/site-antigo\/?p=701"},"modified":"2024-10-08T09:06:27","modified_gmt":"2024-10-08T12:06:27","slug":"prefeito-beto-preto-decreta-luto-oficial-pelo-falecimento-do-dr-monte-lima","status":"publish","type":"post","link":"https:\/\/www.apucarana.pr.gov.br\/site\/prefeito-beto-preto-decreta-luto-oficial-pelo-falecimento-do-dr-monte-lima\/","title":{"rendered":"Prefeito Beto Preto decreta luto oficial  pelo falecimento do Dr. Monte Lima"},"content":{"rendered":"<p><p>O prefeito Beto Preto decretou nesta segunda-feira (22), tr\u00eas dias de luto oficial no Munic\u00edpio de Apucarana, em decorr\u00eancia do falecimento, no dia de ontem (21), do m\u00e9dico Francisco Jos\u00e9 Monte Lima, aos 85 anos. O corpo foi velado e sepultado ainda no domingo, por parentes e amigos do Dr. Monte Lima.<\/p>\n<p>Exemplo de conduta e \u00e9tica na Medicina, o radiologista decano do Norte do Paran\u00e1, teve sua forma\u00e7\u00e3o no Rio de Janeiro, onde foi aluno do maior professor de radiologia do Brasil, o Dr. Nicola Caminha. Sempre muito interessado na resolu\u00e7\u00e3o dos casos de pacientes que lhe chegavam \u00e0 m\u00e3o, o Dr. Monte Lima se empenhava no diagn\u00f3stico mais exato, visando contribuir no tratamento. &ldquo;Tenho convic\u00e7\u00e3o em afirmar que o mestre Dr. Monte Lima \u00e9 daqueles m\u00e9dicos que j\u00e1 n\u00e3o existem mais e que vai deixar muita saudade&rdquo;, lamentou o prefeito Beto Preto.<\/p>\n<p>&ldquo;Com pesar registro minhas condol\u00eancias a fam\u00edlia do Dr. Francisco Jos\u00e9 Monte Lima, e em especial a Dona &Iacute;tala, filhos e netos, al\u00e9m de funcion\u00e1rios de sua cl\u00ednica e pessoas pr\u00f3ximas que sempre se acostumaram a conviver com a figura carism\u00e1tica, sol\u00edcita e fraterna do Dr. Monte Lima&rdquo;, afirmou o prefeito Beto Preto.<\/p>\n<p><\/p>\n","protected":false},"excerpt":{"rendered":"<p>Apucarana perde m&eacute;dico pioneiro aos 85 anos<\/p>\n","protected":false},"author":4,"featured_media":0,"comment_status":"closed","ping_status":"closed","sticky":false,"template":"","format":"standard","meta":{"footnotes":""},"categories":[24],"tags":[],"class_list":["post-701","post","type-post","status-publish","format-standard","hentry","category-noticias"],"acf":[],"_links":{"self":[{"href":"https:\/\/www.apucarana.pr.gov.br\/site\/wp-json\/wp\/v2\/posts\/701","targetHints":{"allow":["GET"]}}],"collection":[{"href":"https:\/\/www.apucarana.pr.gov.br\/site\/wp-json\/wp\/v2\/posts"}],"about":[{"href":"https:\/\/www.apucarana.pr.gov.br\/site\/wp-json\/wp\/v2\/types\/post"}],"author":[{"embeddable":true,"href":"https:\/\/www.apucarana.pr.gov.br\/site\/wp-json\/wp\/v2\/users\/4"}],"replies":[{"embeddable":true,"href":"https:\/\/www.apucarana.pr.gov.br\/site\/wp-json\/wp\/v2\/comments?post=701"}],"version-history":[{"count":1,"href":"https:\/\/www.apucarana.pr.gov.br\/site\/wp-json\/wp\/v2\/posts\/701\/revisions"}],"predecessor-version":[{"id":106176,"href":"https:\/\/www.apucarana.pr.gov.br\/site\/wp-json\/wp\/v2\/posts\/701\/revisions\/106176"}],"wp:attachment":[{"href":"https:\/\/www.apucarana.pr.gov.br\/site\/wp-json\/wp\/v2\/media?parent=701"}],"wp:term":[{"taxonomy":"category","embeddable":true,"href":"https:\/\/www.apucarana.pr.gov.br\/site\/wp-json\/wp\/v2\/categories?post=701"},{"taxonomy":"post_tag","embeddable":true,"href":"https:\/\/www.apucarana.pr.gov.br\/site\/wp-json\/wp\/v2\/tags?post=701"}],"curies":[{"name":"wp","href":"https:\/\/api.w.org\/{rel}","templated":true}]}}