{"id":700,"date":"2013-04-20T14:15:00","date_gmt":"2013-04-20T14:15:00","guid":{"rendered":"http:\/\/172.16.0.7\/site-antigo\/?p=700"},"modified":"2024-10-08T09:06:27","modified_gmt":"2024-10-08T12:06:27","slug":"prefeito-pede-busca-ativa-do-publico-alvo-da-vacinacao","status":"publish","type":"post","link":"https:\/\/www.apucarana.pr.gov.br\/site\/prefeito-pede-busca-ativa-do-publico-alvo-da-vacinacao\/","title":{"rendered":"Prefeito pede busca ativa  do p\u00fablico alvo da vacina\u00e7\u00e3o"},"content":{"rendered":"<div>O prefeito Beto Preto abriu oficialmente dia 20 o Dia D da campanha Nacional Contra a Gripe, na Unidade B\u00e1sica de Sa\u00fade (UBS) Maria do Caf\u00e9, no Jardim Ponta Grossa. Na solenidade oficial, o secret\u00e1rio da Sa\u00fade, H\u00e9lio Kissina, fez o balan\u00e7o dos n\u00fameros da primeira semana da vacina\u00e7\u00e3o no munic\u00edpio. &ldquo;Desde segunda-feira, quando se iniciou a campanha em todo o pa\u00eds, at\u00e9 ontem (sexta-feira), hav\u00edamos vacinado 30% da nossa meta, ouse seja, cerca de 6 mil pessoas&rdquo;, informou.<\/div>\n<div>Dentro dos grupos de cobertura, as gestantes e m\u00e3es em per\u00edodo p\u00f3s-parto de at\u00e9 45 dias s\u00e3o que mais atenderam o chamamento das autoridades de sa\u00fade para vacina\u00e7\u00e3o. &ldquo;Elas lideram os \u00edndices de atendimento nesta campanha&rdquo;, informa o coordenador de Vigil&acirc;ncia Epidemiol\u00f3gica, Lauro Vieira dos Santos.<\/div>\n<div>Para Beto Preto elogiou o trabalhos das equipes de sa\u00fade, mas observou que \u00e9 preciso que fa\u00e7am, nesta \u00faltima semana da campanha de vacina\u00e7\u00e3o, uma busca ativa dos grupos alvo. &ldquo;Apucarana n\u00e3o pode ter \u00edndice de vacina\u00e7\u00e3o baixo. Nossos \u00edndices t\u00eam que superar a meta&rdquo;, conclamou.<\/div>\n<div>A meta de Apucarana \u00e9 imunizar 30 mil pessoas, distribu\u00eddas entre o p\u00fablico alvo composto de crian\u00e7as com idade entre seis meses a menores de dois anos (um ano, 11 meses e 29 dias), idosos com mais de 60 anos, doentes cr&ocirc;nicos, gestantes, m\u00e3es em per\u00edodo p\u00f3s-parto de at\u00e9 45 dias, trabalhadores de sa\u00fade, ind\u00edgenas e popula\u00e7\u00e3o do sistema penitenci\u00e1rio e cadeias p\u00fablicas.<\/div>\n<div>Nesta semana, a vacina\u00e7\u00e3o estar\u00e1 a dispon\u00edvel na Central de Vacina, perto do Lago\u00e3o, em todos os postos de sa\u00fade, com exce\u00e7\u00e3o de quatro deles &ndash; Philipe Weckewerth, no Jardim Milani, J\u00falia Reczkowski, no n\u00facleo Marcos Freire, Jo\u00e3o Marioto, na Vila Formosa, e Rodrigo Yochii, na Vila Apucaraninha. At\u00e9 o pr\u00f3ximo s\u00e1bado, \u00faltimo dia da campanha, equipes de sa\u00fade v\u00e3o levar a vacina at\u00e9 os pacientes do NATTA, em torno de 400 pessoas, aos moradores do Asilo S\u00e3o Vicente de Paula, aos alunos da APAE, tamb\u00e9m em n\u00famero aproximado de 400, e aos detentos e funcion\u00e1rios do mini-pres\u00eddio da cidade, que somam cerca de 300 pessoas.<\/div><\/p>\n","protected":false},"excerpt":{"rendered":"<p>Dia D da Campanha Nacional Contra a Gripe<\/p>\n","protected":false},"author":4,"featured_media":0,"comment_status":"closed","ping_status":"closed","sticky":false,"template":"","format":"standard","meta":{"footnotes":""},"categories":[24],"tags":[],"class_list":["post-700","post","type-post","status-publish","format-standard","hentry","category-noticias"],"acf":[],"_links":{"self":[{"href":"https:\/\/www.apucarana.pr.gov.br\/site\/wp-json\/wp\/v2\/posts\/700","targetHints":{"allow":["GET"]}}],"collection":[{"href":"https:\/\/www.apucarana.pr.gov.br\/site\/wp-json\/wp\/v2\/posts"}],"about":[{"href":"https:\/\/www.apucarana.pr.gov.br\/site\/wp-json\/wp\/v2\/types\/post"}],"author":[{"embeddable":true,"href":"https:\/\/www.apucarana.pr.gov.br\/site\/wp-json\/wp\/v2\/users\/4"}],"replies":[{"embeddable":true,"href":"https:\/\/www.apucarana.pr.gov.br\/site\/wp-json\/wp\/v2\/comments?post=700"}],"version-history":[{"count":1,"href":"https:\/\/www.apucarana.pr.gov.br\/site\/wp-json\/wp\/v2\/posts\/700\/revisions"}],"predecessor-version":[{"id":106177,"href":"https:\/\/www.apucarana.pr.gov.br\/site\/wp-json\/wp\/v2\/posts\/700\/revisions\/106177"}],"wp:attachment":[{"href":"https:\/\/www.apucarana.pr.gov.br\/site\/wp-json\/wp\/v2\/media?parent=700"}],"wp:term":[{"taxonomy":"category","embeddable":true,"href":"https:\/\/www.apucarana.pr.gov.br\/site\/wp-json\/wp\/v2\/categories?post=700"},{"taxonomy":"post_tag","embeddable":true,"href":"https:\/\/www.apucarana.pr.gov.br\/site\/wp-json\/wp\/v2\/tags?post=700"}],"curies":[{"name":"wp","href":"https:\/\/api.w.org\/{rel}","templated":true}]}}