{"id":698,"date":"2013-04-19T17:46:00","date_gmt":"2013-04-19T17:46:00","guid":{"rendered":"http:\/\/172.16.0.7\/site-antigo\/?p=698"},"modified":"2024-10-08T09:06:27","modified_gmt":"2024-10-08T12:06:27","slug":"prefeitura-complementa-sinalizacao-viaria-no-parque-jaboti","status":"publish","type":"post","link":"https:\/\/www.apucarana.pr.gov.br\/site\/prefeitura-complementa-sinalizacao-viaria-no-parque-jaboti\/","title":{"rendered":"Prefeitura complementa sinaliza\u00e7\u00e3o vi\u00e1ria no Parque Jaboti"},"content":{"rendered":"<p>O Parque Municipal Jaboti recebeu nesta sexta-feira (19\/04) a instala\u00e7\u00e3o de p\u00f3rticos com dizeres direcionados aos condutores. A iniciativa tem car\u00e1ter de conscientiza\u00e7\u00e3o e complementa investimentos da prefeitura que j\u00e1 contemplaram recape asf\u00e1ltico e sinaliza\u00e7\u00e3o de tr&acirc;nsito horizontal e vertical em todo o entorno do parque. &ldquo;Agora entramos na etapa da conscientiza\u00e7\u00e3o, que objetiva inibir excessos de quem dirige pelo local&rdquo;, esclarece o prefeito Beto Preto (PT).  <\/p>\n<p>A mensagem &ldquo;Aten\u00e7\u00e3o, motorista! Jaboti: \u00e1rea de lazer e n\u00e3o de correr&rdquo;, chama a aten\u00e7\u00e3o para o limite m\u00e1ximo de velocidade no trecho, que \u00e9 de 50 Km\/h. &ldquo;Mais uma vez, recuperando recursos dispon\u00edveis em nosso p\u00e1tio de m\u00e1quinas, realizamos uma melhoria a custo praticamente zero&rdquo;, assinala Silnei Bolonheze, superintendente da Secretaria de Servi\u00e7os P\u00fablicos.<\/p>\n<p>Em uma a\u00e7\u00e3o do governo anterior, os p\u00f3rticos estavam &ldquo;jogados&rdquo; em meio a sucatas no p\u00e1tio da prefeitura. &ldquo;Eram aqueles espelhos refletores que foram instalados em algumas esquinas mas, por atos de vandalismo ou por terem sido danificados por batidas de tr&acirc;nsito, ao inv\u00e9s de serem consertados ou reaproveitados como estamos fazendo agora, foram simplesmente esquecidos&rdquo;, lamenta Bolonheze. Ele acredita que a nova sinaliza\u00e7\u00e3o vai chamar a aten\u00e7\u00e3o e evitar que medidas mais pontuais tenham que ser tomadas. &ldquo;Todos sabem que este local \u00e9 para as fam\u00edlias passearem, para os praticantes de caminhada e esportes. H\u00e1 um limite de velocidade a ser respeitado, n\u00e3o queremos encher o parque de lombadas&rdquo;, conclui.<\/p><\/p>\n","protected":false},"excerpt":{"rendered":"<p>A mensagem &ldquo;Aten&ccedil;&atilde;o, motorista! Jaboti: &aacute;rea de lazer e n&atilde;o de correr&rdquo;, chama a aten&ccedil;&atilde;o para o limite m&aacute;ximo de velocidade no trecho, que &eacute; de 50 Km\/h<\/p>\n","protected":false},"author":4,"featured_media":0,"comment_status":"closed","ping_status":"closed","sticky":false,"template":"","format":"standard","meta":{"footnotes":""},"categories":[24],"tags":[],"class_list":["post-698","post","type-post","status-publish","format-standard","hentry","category-noticias"],"acf":[],"_links":{"self":[{"href":"https:\/\/www.apucarana.pr.gov.br\/site\/wp-json\/wp\/v2\/posts\/698","targetHints":{"allow":["GET"]}}],"collection":[{"href":"https:\/\/www.apucarana.pr.gov.br\/site\/wp-json\/wp\/v2\/posts"}],"about":[{"href":"https:\/\/www.apucarana.pr.gov.br\/site\/wp-json\/wp\/v2\/types\/post"}],"author":[{"embeddable":true,"href":"https:\/\/www.apucarana.pr.gov.br\/site\/wp-json\/wp\/v2\/users\/4"}],"replies":[{"embeddable":true,"href":"https:\/\/www.apucarana.pr.gov.br\/site\/wp-json\/wp\/v2\/comments?post=698"}],"version-history":[{"count":1,"href":"https:\/\/www.apucarana.pr.gov.br\/site\/wp-json\/wp\/v2\/posts\/698\/revisions"}],"predecessor-version":[{"id":106178,"href":"https:\/\/www.apucarana.pr.gov.br\/site\/wp-json\/wp\/v2\/posts\/698\/revisions\/106178"}],"wp:attachment":[{"href":"https:\/\/www.apucarana.pr.gov.br\/site\/wp-json\/wp\/v2\/media?parent=698"}],"wp:term":[{"taxonomy":"category","embeddable":true,"href":"https:\/\/www.apucarana.pr.gov.br\/site\/wp-json\/wp\/v2\/categories?post=698"},{"taxonomy":"post_tag","embeddable":true,"href":"https:\/\/www.apucarana.pr.gov.br\/site\/wp-json\/wp\/v2\/tags?post=698"}],"curies":[{"name":"wp","href":"https:\/\/api.w.org\/{rel}","templated":true}]}}