{"id":696,"date":"2013-04-19T13:09:59","date_gmt":"2013-04-19T13:09:59","guid":{"rendered":"http:\/\/172.16.0.7\/site-antigo\/?p=696"},"modified":"2024-10-08T09:06:27","modified_gmt":"2024-10-08T12:06:27","slug":"apucarana-recebe-40-congresso-da-juventude-ucraino-brasileira","status":"publish","type":"post","link":"https:\/\/www.apucarana.pr.gov.br\/site\/apucarana-recebe-40-congresso-da-juventude-ucraino-brasileira\/","title":{"rendered":"Apucarana recebe 40\u00ba Congresso da Juventude Ucra\u00edno-brasileira"},"content":{"rendered":"<p><p>O Centro de Forma\u00e7\u00e3o Fam\u00edlia Sagrada, em Apucarana, sedia nestes dias 20 e 21 de abril, o 40\u00ba Congresso da Juventude Ucra\u00edno-brasileira. A abertura no primeiro dia ser\u00e1 \u00e0s 8 horas. O evento \u00e9 uma realiza\u00e7\u00e3o das par\u00f3quias Divino Esp\u00edrito Santo e Sant\u00edssima M\u00e3e de Deus. <\/p>\n<p>Com o tema  &ldquo;A Responsabilidade e a Constru\u00e7\u00e3o do Projeto de Vida&#8221; e com o lema &#8220;Construir uma gera\u00e7\u00e3o com a sua vida e a sua sociedade&#8221;, o objetivo do encontro \u00e9 contribuir para reflex\u00f5es e orienta\u00e7\u00f5es sistematizadas no sentido de formar uma identidade da Juventude Ucra\u00edno-Brasileira. <\/p>\n<p>O p\u00fablico alvo s\u00e3o os jovens com mais de 16 anos. O prefeito Beto Preto (PT) foi convidado e deve estar presente.<\/p>\n<p> Mais informa\u00e7\u00f5es pelos fones 3422-4512 &ndash; 9645-8792 &ndash; 9937-1921 e 9973-4338 &ndash; e-mail: <a href=\"mailto:congresso.jovensucranianos@gmail.com\">congresso.jovensucranianos@gmail.com<\/a>. <\/p>\n<p><\/p>\n","protected":false},"excerpt":{"rendered":"<p>O prefeito Beto Preto (PT) foi convidado e deve estar presente<\/p>\n","protected":false},"author":4,"featured_media":0,"comment_status":"closed","ping_status":"closed","sticky":false,"template":"","format":"standard","meta":{"footnotes":""},"categories":[24],"tags":[],"class_list":["post-696","post","type-post","status-publish","format-standard","hentry","category-noticias"],"acf":[],"_links":{"self":[{"href":"https:\/\/www.apucarana.pr.gov.br\/site\/wp-json\/wp\/v2\/posts\/696","targetHints":{"allow":["GET"]}}],"collection":[{"href":"https:\/\/www.apucarana.pr.gov.br\/site\/wp-json\/wp\/v2\/posts"}],"about":[{"href":"https:\/\/www.apucarana.pr.gov.br\/site\/wp-json\/wp\/v2\/types\/post"}],"author":[{"embeddable":true,"href":"https:\/\/www.apucarana.pr.gov.br\/site\/wp-json\/wp\/v2\/users\/4"}],"replies":[{"embeddable":true,"href":"https:\/\/www.apucarana.pr.gov.br\/site\/wp-json\/wp\/v2\/comments?post=696"}],"version-history":[{"count":1,"href":"https:\/\/www.apucarana.pr.gov.br\/site\/wp-json\/wp\/v2\/posts\/696\/revisions"}],"predecessor-version":[{"id":106179,"href":"https:\/\/www.apucarana.pr.gov.br\/site\/wp-json\/wp\/v2\/posts\/696\/revisions\/106179"}],"wp:attachment":[{"href":"https:\/\/www.apucarana.pr.gov.br\/site\/wp-json\/wp\/v2\/media?parent=696"}],"wp:term":[{"taxonomy":"category","embeddable":true,"href":"https:\/\/www.apucarana.pr.gov.br\/site\/wp-json\/wp\/v2\/categories?post=696"},{"taxonomy":"post_tag","embeddable":true,"href":"https:\/\/www.apucarana.pr.gov.br\/site\/wp-json\/wp\/v2\/tags?post=696"}],"curies":[{"name":"wp","href":"https:\/\/api.w.org\/{rel}","templated":true}]}}