{"id":695,"date":"2013-04-19T12:18:59","date_gmt":"2013-04-19T12:18:59","guid":{"rendered":"http:\/\/172.16.0.7\/site-antigo\/?p=695"},"modified":"2024-10-08T09:06:27","modified_gmt":"2024-10-08T12:06:27","slug":"cerimonial-no-ginasio-de-esportes-do-glorinha-marca-abertura-dos-jeps","status":"publish","type":"post","link":"https:\/\/www.apucarana.pr.gov.br\/site\/cerimonial-no-ginasio-de-esportes-do-glorinha-marca-abertura-dos-jeps\/","title":{"rendered":"Cerimonial no Gin\u00e1sio de Esportes do &#8220;Glorinha&#8221; marca abertura dos JEP&#180;s"},"content":{"rendered":"<p>Com o Gin\u00e1sio de Esportes do Col\u00e9gio Glorinha lotado, foi realizada na manh\u00e3 desta sexta-feira, a abertura solene dos Jogos escolares do Paran\u00e1, fase municipal de Apucarana. A competi\u00e7\u00e3o ser\u00e1 disputada por quase 1.600 atletas de 24 escolas estaduais, municipais e particulares.<\/p>\n<p>O cerimonial de abertura do JEP&acute;s teve desfile das delega\u00e7\u00f5es, e entrada das bandeiras do Brasil, do Paran\u00e1 e de Apucarana. O Hino Nacional Brasileiro foi cantado por Keidma JulianaDiniz Rosa Caetano, bacharel em m\u00fasica e canto pela Universidade Estadual de Maring\u00e1. Os hinos do Paran\u00e1 e de Apucarana foram entoados pela Banda Municipal Maestro Jo\u00e3o Florindo.<\/p>\n<p>O acendimento da Pira Olimp\u00edada foi feito pelo atleta Mateus Pimenta de castro; e o juramento do atleta, por Larissa Santos Silva. Ao final da solenidade os atletas se confraternizaram na quadra.<\/p>\n<p>O professora Maria Onide Balan Sardinha, chefe do N\u00facleo Regional de Educa\u00e7\u00e3o cumprimentou as autoridades, diretores de escolas, professores e atletas. &ldquo;Come\u00e7amos os jogos com uma bel\u00edssima festa e em nome do Estado s\u00f3 tenho a agradecer ao prefeito Beto Preto pela organiza\u00e7\u00e3o&rdquo;, afirmou.<\/p>\n<p>A Secret\u00e1ria de Esportes Dione Gaspar manifestou sua alegria por poder organizar e reunir tantos atletas nos Jogos Escolares. &ldquo;Espero que todos demonstrem suas habilidades, mas que, acima de tudo, valorizem a amizade e a disciplina&rdquo;, frisou.<\/p>\n<p>O prefeito Beto Preto disse que por muitas vezes viveu essa mesma emo\u00e7\u00e3o dos atletas perfilados em quadra, na cerim&ocirc;nia de abertura dos jogos. &ldquo;Me sinto transportado para o passado, \u00e9 um momento simb\u00f3lico e muito especial na vida dos atletas e espero que a competi\u00e7\u00e3o seja uma grande confraterniza\u00e7\u00e3o&rdquo;, declarou Beto Preto, que cumprimentou a irm\u00e3 Dion\u00edzia Diadio, diretora do Glorinha, pela bel\u00edssimo gin\u00e1sio de esportes. O prefeito tamb\u00e9m fez quest\u00e3o de enaltecer a presen\u00e7a do professor Lair Perri, educador exemplar e grande formador de atletas no passado.<\/p>\n<p><\/p>\n","protected":false},"excerpt":{"rendered":"<p>Fase municipal dos Jogos Escolares do Paran&aacute; tem a participa&ccedil;&atilde;o de 1.600 atletas de 24 escolas<\/p>\n","protected":false},"author":4,"featured_media":0,"comment_status":"closed","ping_status":"closed","sticky":false,"template":"","format":"standard","meta":{"footnotes":""},"categories":[24],"tags":[],"class_list":["post-695","post","type-post","status-publish","format-standard","hentry","category-noticias"],"acf":[],"_links":{"self":[{"href":"https:\/\/www.apucarana.pr.gov.br\/site\/wp-json\/wp\/v2\/posts\/695","targetHints":{"allow":["GET"]}}],"collection":[{"href":"https:\/\/www.apucarana.pr.gov.br\/site\/wp-json\/wp\/v2\/posts"}],"about":[{"href":"https:\/\/www.apucarana.pr.gov.br\/site\/wp-json\/wp\/v2\/types\/post"}],"author":[{"embeddable":true,"href":"https:\/\/www.apucarana.pr.gov.br\/site\/wp-json\/wp\/v2\/users\/4"}],"replies":[{"embeddable":true,"href":"https:\/\/www.apucarana.pr.gov.br\/site\/wp-json\/wp\/v2\/comments?post=695"}],"version-history":[{"count":1,"href":"https:\/\/www.apucarana.pr.gov.br\/site\/wp-json\/wp\/v2\/posts\/695\/revisions"}],"predecessor-version":[{"id":106180,"href":"https:\/\/www.apucarana.pr.gov.br\/site\/wp-json\/wp\/v2\/posts\/695\/revisions\/106180"}],"wp:attachment":[{"href":"https:\/\/www.apucarana.pr.gov.br\/site\/wp-json\/wp\/v2\/media?parent=695"}],"wp:term":[{"taxonomy":"category","embeddable":true,"href":"https:\/\/www.apucarana.pr.gov.br\/site\/wp-json\/wp\/v2\/categories?post=695"},{"taxonomy":"post_tag","embeddable":true,"href":"https:\/\/www.apucarana.pr.gov.br\/site\/wp-json\/wp\/v2\/tags?post=695"}],"curies":[{"name":"wp","href":"https:\/\/api.w.org\/{rel}","templated":true}]}}