{"id":694,"date":"2013-04-18T18:24:59","date_gmt":"2013-04-18T18:24:59","guid":{"rendered":"http:\/\/172.16.0.7\/site-antigo\/?p=694"},"modified":"2024-10-08T09:06:27","modified_gmt":"2024-10-08T12:06:27","slug":"casa-da-acolhida-contribui-para-amenizar-numero-de-moradores-de-rua-em-apucarana","status":"publish","type":"post","link":"https:\/\/www.apucarana.pr.gov.br\/site\/casa-da-acolhida-contribui-para-amenizar-numero-de-moradores-de-rua-em-apucarana\/","title":{"rendered":"Casa da Acolhida contribui para amenizar n\u00famero de moradores de rua em Apucarana"},"content":{"rendered":"<p><p>&Agrave;s v\u00e9speras de completar um m\u00eas de atendimento, o Centro de Refer\u00eancia Especializado para Pessoas em Situa\u00e7\u00e3o de Rua (Centro POP), uma entidade ligada \u00e0 Prefeitura e mais conhecido como Casa da Acolhida, j\u00e1 atendeu cerca de 100 pessoas. A maioria delas recebeu refei\u00e7\u00f5es, pernoitou no local e seguiu seu destino. Uma parte, no entanto, ainda permanece no munic\u00edpio dando continuidade a encaminhamentos para tratamento de sa\u00fade, dent\u00e1rio, para cl\u00ednica de recupera\u00e7\u00e3o e para recebimento de benef\u00edcios sociais.<\/p>\n<p>H\u00e1 v\u00e1rios casos, que ap\u00f3s intermedia\u00e7\u00e3o de funcion\u00e1rios da Casa da Acolhida, voltaram para sua fam\u00edlia. Outros, em especial os que passam por algum tipo de tratamento, foram encaminhados para Casa de Miseric\u00f3rdia, onde continuam sendo acompanhados pela equipe profissional do Centro POP.<\/p>\n<p>Mas tamb\u00e9m n\u00e3o faltam casos daqueles que encontraram no Centro POP o apoio que faltava para retomar sua vida na sociedade. S\u00e3o pelo menos sete ex-moradores de rua que foram inseridos no mercado de trabalho e ainda permanecem na Casa do Acolhida, mas j\u00e1 com planos de alugar uma casa. <\/p>\n<p>&Eacute; o caso de F\u00e1bio Ferreira Leite, 22 anos. Morador de Ibipor\u00e3, ficou sem teto, juntamente com o pai C\u00edcero, depois que um parente vendeu a casa em que moravam. Passaram algum tempo nas ruas daquele munic\u00edpio at\u00e9 que vieram para Apucarana. Sem ter onde ficar receberam informa\u00e7\u00f5es, na pr\u00f3pria rodovi\u00e1ria, da exist\u00eancia da Casa da Acolhida, mantida pela Secretaria Municipal da A\u00e7\u00e3o Social.<\/p>\n<p>L\u00e1, encontraram um local para dormir, fazer as refei\u00e7\u00f5es e o que \u00e9 mais importante: uma oportunidade de retomar sua vida. Atrav\u00e9s do pastor Aguinaldo de Paula da Igreja Nova Cana\u00e3, F\u00e1bio conseguiu trabalho na constru\u00e7\u00e3o civil, como servente de pedreiro. <\/p>\n<p>Ontem, durante mais um dia trabalho numa obra no centro da cidade, ele falou de seus planos para o futuro pr\u00f3ximo. &ldquo;Me ofereceram ajuda e eu aceitei. Tem muita gente que n\u00e3o aceita. Aqui recebi o apoio que tanto precisava e j\u00e1 estou procurando uma casa para alugar e morar com meu pai&rdquo;, afirma.<span> <\/span><\/p>\n<\/p>\n<p><\/p>\n","protected":false},"excerpt":{"rendered":"<p>Pelo menos sete foram inseridos no mercado de trabalho<\/p>\n","protected":false},"author":4,"featured_media":0,"comment_status":"closed","ping_status":"closed","sticky":false,"template":"","format":"standard","meta":{"footnotes":""},"categories":[24],"tags":[],"class_list":["post-694","post","type-post","status-publish","format-standard","hentry","category-noticias"],"acf":[],"_links":{"self":[{"href":"https:\/\/www.apucarana.pr.gov.br\/site\/wp-json\/wp\/v2\/posts\/694","targetHints":{"allow":["GET"]}}],"collection":[{"href":"https:\/\/www.apucarana.pr.gov.br\/site\/wp-json\/wp\/v2\/posts"}],"about":[{"href":"https:\/\/www.apucarana.pr.gov.br\/site\/wp-json\/wp\/v2\/types\/post"}],"author":[{"embeddable":true,"href":"https:\/\/www.apucarana.pr.gov.br\/site\/wp-json\/wp\/v2\/users\/4"}],"replies":[{"embeddable":true,"href":"https:\/\/www.apucarana.pr.gov.br\/site\/wp-json\/wp\/v2\/comments?post=694"}],"version-history":[{"count":1,"href":"https:\/\/www.apucarana.pr.gov.br\/site\/wp-json\/wp\/v2\/posts\/694\/revisions"}],"predecessor-version":[{"id":106182,"href":"https:\/\/www.apucarana.pr.gov.br\/site\/wp-json\/wp\/v2\/posts\/694\/revisions\/106182"}],"wp:attachment":[{"href":"https:\/\/www.apucarana.pr.gov.br\/site\/wp-json\/wp\/v2\/media?parent=694"}],"wp:term":[{"taxonomy":"category","embeddable":true,"href":"https:\/\/www.apucarana.pr.gov.br\/site\/wp-json\/wp\/v2\/categories?post=694"},{"taxonomy":"post_tag","embeddable":true,"href":"https:\/\/www.apucarana.pr.gov.br\/site\/wp-json\/wp\/v2\/tags?post=694"}],"curies":[{"name":"wp","href":"https:\/\/api.w.org\/{rel}","templated":true}]}}