{"id":693,"date":"2013-04-18T18:00:00","date_gmt":"2013-04-18T18:00:00","guid":{"rendered":"http:\/\/172.16.0.7\/site-antigo\/?p=693"},"modified":"2024-10-08T09:06:27","modified_gmt":"2024-10-08T12:06:27","slug":"apucarana-realiza-melhorias-no-estadio-municipal","status":"publish","type":"post","link":"https:\/\/www.apucarana.pr.gov.br\/site\/apucarana-realiza-melhorias-no-estadio-municipal\/","title":{"rendered":"Apucarana realiza melhorias no est\u00e1dio municipal"},"content":{"rendered":"<p>A segunda divis\u00e3o do Campeonato Paranaense de Futebol Profissional tem in\u00edcio previsto para o dia 26 de maio. Mais uma vez, a cidade vai estar representada pela equipe do Roma Esporte Apucarana e para deixar o Est\u00e1dio Municipal Ol\u00edmpio Barreto (antigo Bom Jesus da Lapa) em condi\u00e7\u00f5es, as secretarias de Obras e de Servi\u00e7os P\u00fablicos da Prefeitura de Apucarana agilizam os trabalhos de manuten\u00e7\u00e3o e reparos.   <\/p>\n<p>O andamento dos servi\u00e7os foi conferido nesta semana pelo secret\u00e1rio e vice-prefeito, J\u00fanior da Femac. &ldquo;Estamos no in\u00edcio da realiza\u00e7\u00e3o das obras necess\u00e1rias para que o est\u00e1dio seja aprovado na vistoria visando a libera\u00e7\u00e3o para o campeonato. Investimento que est\u00e1 dentro da proposta de governo do nosso prefeito Beto Preto, que \u00e9 o de apoiar o esporte em todas as suas inst&acirc;ncias, seja profissional ou amador, e modalidades&rdquo;, destaca J\u00fanior. <\/p>\n<p>As melhorias tiveram in\u00edcio com a constru\u00e7\u00e3o de uma laje de concreto com alta capacidade para suportar peso, que vai facilitar o acesso dos torcedores \u00e0 arquibancada. &ldquo;Este era um problema que persistia a mais de tr\u00eas anos e resolvemos com recursos e material que j\u00e1 t\u00ednhamos \u00e0 disposi\u00e7\u00e3o&rdquo;, assinala o secret\u00e1rio.<\/p>\n<p>At\u00e9 o dia da vistoria por parte da Federa\u00e7\u00e3o Paranaense de Futebol (FPF), organizadora da competi\u00e7\u00e3o, outros investimentos ser\u00e3o feitos pela prefeitura em quesitos que englobam entre outros pontos, aprova\u00e7\u00e3o em laudos de Preven\u00e7\u00e3o e Combate \u00e0 Inc\u00eandio do Corpo de Bombeiros, de Seguran\u00e7a por parte da Pol\u00edcia Militar, Condi\u00e7\u00f5es Sanit\u00e1rias e Higiene da Vigil&acirc;ncia Sanit\u00e1ria e de Vistoria de Engenharia por parte de um profissional habilitado pelo CREA-PR. &ldquo;A prefeitura est\u00e1 dando a sua contrapartida para que o Roma Apucarana tenha no est\u00e1dio municipal todas as condi\u00e7\u00f5es de desempenhar um bom futebol, fazer bonito e obter o acesso \u00e0 s\u00e9rie A. Contamos tamb\u00e9m com a energia do torcedor, que compare\u00e7a ao est\u00e1dio para empurrar nossa equipe&rdquo;, assinala o prefeito Beto Preto. Ele lembrou que desde o in\u00edcio deste ano o munic\u00edpio j\u00e1 realiza o devido cuidado do est\u00e1dio municipal. &ldquo;Em janeiro, por ocasi\u00e3o das festividades de anivers\u00e1rio da cidade, onde tivemos a partida amistosa entre os m\u00e1ster de Apucarana e do Santos Futebol Clube, j\u00e1 hav\u00edamos realizado um bom trabalho de limpeza e ro\u00e7agem geral, bem como reparos emergenciais nos setores el\u00e9tricos, hidr\u00e1ulicos, acessos ao est\u00e1dio e arquibancadas&rdquo;, lembra o prefeito.<\/p>\n<p>Na Segundona de 2013 do Paranaense, o Tricolor da &#8220;Cidade Alta&#8221; ter\u00e1 como advers\u00e1rios os times do Cinc\u00e3o Esporte Clube, J\u00fanior Team e PSTC (Londrina), Gr\u00eamio Metropolitano Maring\u00e1, Gr\u00eamio Maring\u00e1, Foz do Igua\u00e7u, Serrano (Prudent\u00f3polis), Francisco Beltr\u00e3o e Colorado.<\/p>\n<p><\/p>\n","protected":false},"excerpt":{"rendered":"<p>O andamento dos servi&ccedil;os foi conferido nesta semana pelo secret&aacute;rio e vice-prefeito, J&uacute;nior da Femac<\/p>\n","protected":false},"author":4,"featured_media":0,"comment_status":"closed","ping_status":"closed","sticky":false,"template":"","format":"standard","meta":{"footnotes":""},"categories":[24],"tags":[],"class_list":["post-693","post","type-post","status-publish","format-standard","hentry","category-noticias"],"acf":[],"_links":{"self":[{"href":"https:\/\/www.apucarana.pr.gov.br\/site\/wp-json\/wp\/v2\/posts\/693","targetHints":{"allow":["GET"]}}],"collection":[{"href":"https:\/\/www.apucarana.pr.gov.br\/site\/wp-json\/wp\/v2\/posts"}],"about":[{"href":"https:\/\/www.apucarana.pr.gov.br\/site\/wp-json\/wp\/v2\/types\/post"}],"author":[{"embeddable":true,"href":"https:\/\/www.apucarana.pr.gov.br\/site\/wp-json\/wp\/v2\/users\/4"}],"replies":[{"embeddable":true,"href":"https:\/\/www.apucarana.pr.gov.br\/site\/wp-json\/wp\/v2\/comments?post=693"}],"version-history":[{"count":1,"href":"https:\/\/www.apucarana.pr.gov.br\/site\/wp-json\/wp\/v2\/posts\/693\/revisions"}],"predecessor-version":[{"id":106183,"href":"https:\/\/www.apucarana.pr.gov.br\/site\/wp-json\/wp\/v2\/posts\/693\/revisions\/106183"}],"wp:attachment":[{"href":"https:\/\/www.apucarana.pr.gov.br\/site\/wp-json\/wp\/v2\/media?parent=693"}],"wp:term":[{"taxonomy":"category","embeddable":true,"href":"https:\/\/www.apucarana.pr.gov.br\/site\/wp-json\/wp\/v2\/categories?post=693"},{"taxonomy":"post_tag","embeddable":true,"href":"https:\/\/www.apucarana.pr.gov.br\/site\/wp-json\/wp\/v2\/tags?post=693"}],"curies":[{"name":"wp","href":"https:\/\/api.w.org\/{rel}","templated":true}]}}