{"id":692,"date":"2013-04-18T17:53:00","date_gmt":"2013-04-18T17:53:00","guid":{"rendered":"http:\/\/172.16.0.7\/site-antigo\/?p=692"},"modified":"2024-10-08T09:06:27","modified_gmt":"2024-10-08T12:06:27","slug":"gripe-a-parceria-subsidia-vacina-a-servidores-municipais-e-dependentes","status":"publish","type":"post","link":"https:\/\/www.apucarana.pr.gov.br\/site\/gripe-a-parceria-subsidia-vacina-a-servidores-municipais-e-dependentes\/","title":{"rendered":"Gripe A: parceria subsidia vacina a servidores municipais e dependentes"},"content":{"rendered":"<p>A Prefeitura de Apucarana firmou nesta semana parceria com a Associa\u00e7\u00e3o dos Funcion\u00e1rios P\u00fablicos (AFAP) e com a UNIMED. Pelo conv\u00eanio ser\u00e3o oferecidas, a pre\u00e7os subsidiados, doses de vacinas contra a Gripe &ldquo;A&rdquo;: H1N1 para os servidores p\u00fablicos municipais e dependentes diretos. De acordo com o prefeito Beto Preto (PT), cada dose vai custar apenas R$24,80, com desconto em folha. A mesma dose, na rede particular, custa em m\u00e9dia R$60.   <\/p>\n<p>Os servidores interessados devem retirar requerimento at\u00e9 a pr\u00f3xima quarta-feira (24\/04) diretamente com o presidente da AFAP, Cezarino Alves Vilas Boas. Ele trabalha na Secretaria da Fazenda, junto ao pr\u00e9dio central da prefeitura. &ldquo;A parceria beneficia todos os servidores da administra\u00e7\u00e3o direta e indiretas, que abrangem os servidores da Educa\u00e7\u00e3o, Sa\u00fade, Cultura, Turismo, Desenvolvimento, Pesquisa e Planejamento, e tamb\u00e9m dos Servi\u00e7os Funer\u00e1rios&rdquo;, esclarece o prefeito.<\/p>\n<p><b>Campanha Nacional<\/b> &#8211; Com a meta de imunizar quase 30 mil pessoas, Apucarana segue at\u00e9 o dia 26 com a Campanha Nacional de Vacina\u00e7\u00e3o contra a Gripe. O &ldquo;Dia D&rdquo; da campanha \u00e9 neste s\u00e1bado. &ldquo;Al\u00e9m da imuniza\u00e7\u00e3o priorit\u00e1ria de gestantes, idosos com mais de 60 anos, crian\u00e7as entre 6 meses e 2 anos, profissionais de sa\u00fade, \u00edndios e os doentes cr&ocirc;nicos, a novidade para a campanha de 2013 \u00e9 a inclus\u00e3o do grupo de mulheres pu\u00e9rperas (que deram \u00e0 luz em at\u00e9 45 dias), bem como a popula\u00e7\u00e3o carcer\u00e1ria&rdquo;, informa Dr. H\u00e9lio Kissina, secret\u00e1rio Municipal da Sa\u00fade. Outra novidade, complementa, \u00e9 que pacientes com doen\u00e7as cr&ocirc;nicas podem ser imunizados nos postos de sa\u00fade e n\u00e3o apenas nos centros de refer\u00eancia. Basta apresentar uma prescri\u00e7\u00e3o m\u00e9dica na hora da vacina\u00e7\u00e3o. <\/p>\n<p>Em Apucarana, a popula\u00e7\u00e3o priorit\u00e1ria pode obter gratuitamente a imuniza\u00e7\u00e3o em todas as Unidades B\u00e1sicas de Sa\u00fade com sala de vacina; na Central de Vacina, no Lago\u00e3o; e no N\u00facleo de Aten\u00e7\u00e3o, Testagem e Triagem de Apucarana (NATTA), na Rua Dr. Munhoz da Rocha, 1645. Apenas os postos de sa\u00fade J\u00falia Reczkowski (no N\u00facleo Habitacional Marcos Freire) Rodrigo Ioshi (Vila Apucaraninha), Jo\u00e3o Marioto (Vila Formosa) e Phelipe Weckewerth (Jardim Milani) n\u00e3o est\u00e3o vacinando.<\/p>\n<p>Desde quarta-feira, a Autarquia Municipal de Sa\u00fade (antigo PAM) tamb\u00e9m funciona como posto de vacina\u00e7\u00e3o. <\/p>\n<p>No s\u00e1bado, o Dia da campanha, haver\u00e1 um ato oficial no posto de sa\u00fade Maria do Caf\u00e9, no Jardim Ponto Grossa. Al\u00e9m de imunizar a popula\u00e7\u00e3o contra a gripe A H1N1, tipo que se disseminou pelo mundo na pandemia de 2009, a campanha nacional tamb\u00e9m quer imunizar a popula\u00e7\u00e3o contra outros dois tipos do v\u00edrus influenza: influenza A H3N2 e B.<\/p><\/p>\n","protected":false},"excerpt":{"rendered":"<p>Ser&atilde;o beneficiados todos os servidores da administra&ccedil;&atilde;o direta e indiretas<\/p>\n","protected":false},"author":4,"featured_media":0,"comment_status":"closed","ping_status":"closed","sticky":false,"template":"","format":"standard","meta":{"footnotes":""},"categories":[24],"tags":[],"class_list":["post-692","post","type-post","status-publish","format-standard","hentry","category-noticias"],"acf":[],"_links":{"self":[{"href":"https:\/\/www.apucarana.pr.gov.br\/site\/wp-json\/wp\/v2\/posts\/692","targetHints":{"allow":["GET"]}}],"collection":[{"href":"https:\/\/www.apucarana.pr.gov.br\/site\/wp-json\/wp\/v2\/posts"}],"about":[{"href":"https:\/\/www.apucarana.pr.gov.br\/site\/wp-json\/wp\/v2\/types\/post"}],"author":[{"embeddable":true,"href":"https:\/\/www.apucarana.pr.gov.br\/site\/wp-json\/wp\/v2\/users\/4"}],"replies":[{"embeddable":true,"href":"https:\/\/www.apucarana.pr.gov.br\/site\/wp-json\/wp\/v2\/comments?post=692"}],"version-history":[{"count":1,"href":"https:\/\/www.apucarana.pr.gov.br\/site\/wp-json\/wp\/v2\/posts\/692\/revisions"}],"predecessor-version":[{"id":106184,"href":"https:\/\/www.apucarana.pr.gov.br\/site\/wp-json\/wp\/v2\/posts\/692\/revisions\/106184"}],"wp:attachment":[{"href":"https:\/\/www.apucarana.pr.gov.br\/site\/wp-json\/wp\/v2\/media?parent=692"}],"wp:term":[{"taxonomy":"category","embeddable":true,"href":"https:\/\/www.apucarana.pr.gov.br\/site\/wp-json\/wp\/v2\/categories?post=692"},{"taxonomy":"post_tag","embeddable":true,"href":"https:\/\/www.apucarana.pr.gov.br\/site\/wp-json\/wp\/v2\/tags?post=692"}],"curies":[{"name":"wp","href":"https:\/\/api.w.org\/{rel}","templated":true}]}}