{"id":691,"date":"2013-04-17T17:19:00","date_gmt":"2013-04-17T17:19:00","guid":{"rendered":"http:\/\/172.16.0.7\/site-antigo\/?p=691"},"modified":"2024-10-08T09:06:27","modified_gmt":"2024-10-08T12:06:27","slug":"dia-do-desafio-em-apucarana-vai-envolver-atividade-fisica-e-solidaria","status":"publish","type":"post","link":"https:\/\/www.apucarana.pr.gov.br\/site\/dia-do-desafio-em-apucarana-vai-envolver-atividade-fisica-e-solidaria\/","title":{"rendered":"Dia do Desafio em Apucarana vai envolver atividade f\u00edsica e solid\u00e1ria"},"content":{"rendered":"<p><p>Al\u00e9m do objetivo principal de motivar a popula\u00e7\u00e3o para a pr\u00e1tica de atividade f\u00edsica, o Dia do Desafio deste ano em Apucarana tamb\u00e9m vai mobilizar os apucaranenses em torno da a\u00e7\u00e3o solid\u00e1ria que pretende arrecadar 70 mil litros de leite. Em reuni\u00e3o realizada ontem, no Cine Teatro F\u00eanix, entre o prefeito Beto Preto, organizadores do evento e representantes da sociedade organizada, tamb\u00e9m foi estabelecida a meta de envolvimento de no m\u00ednimo 70% da popula\u00e7\u00e3o.<\/p>\n<p>A proje\u00e7\u00e3o de n\u00fameros em torno da arrecada\u00e7\u00e3o de leite e percentagem de mobiliza\u00e7\u00e3o dos apucaranenses \u00e9 uma refer\u00eancia aos 70 anos de anivers\u00e1rio de Apucarana, comemorado no dia 28 de janeiro de 2014. Uma realiza\u00e7\u00e3o do Sesc e Prefeitura, o Dia do Desafio, depois de passar por v\u00e1rias secretarias do munic\u00edpio, volta, neste ano, a ser de responsabilidade da Funda\u00e7\u00e3o Cultural e Turismo (Funcap). <\/p>\n<p>&ldquo;J\u00e1 estamos pedindo para todos os estabelecimentos de ensino das redes municipal, estadual e particular a enviar a programa\u00e7\u00e3o. Todos que queiram participar, mesmo individualmente, devem entrar em contato com a Funcap, atrav\u00e9s do telefone 3423-2944, ou se dirigir pessoalmente ao Cine Teatro F\u00eanix&rdquo;, conclama o diretor presidente da Funcap, Ednei Mansano.<\/p>\n<p>Invicta na competi\u00e7\u00e3o, Apucarana entra na 16\u00ba edi\u00e7\u00e3o do Dia do Desafio. Como acontece no resto do mundo, o evento ser\u00e1 realizado no dia 29 de maio em Apucarana, j\u00e1 que a data \u00e9 definida sempre para a \u00faltima quarta-feira de maio. A cidade que vai concorrer com Apucarana neste ano, que pode ser brasileira ou estrangeira, vai ser conhecida em sorteio a ser realizado no in\u00edcio de maio. No encontro de ontem, o prefeito Beto Preto anunciou envolvimento de toda administra\u00e7\u00e3o municipal para garantir o sucesso do evento. <\/p>\n<p>Com o objetivo de driblar a inatividade, o Dia do Desafio, ou Challenge Day, \u00e9 um evento anual que acontece de forma simult&acirc;nea em diversos pa\u00edses, incentivando as pessoas a pararem com a rotina do dia a dia praticando uma atividade f\u00edsica durante pelo menos 15 minutos consecutivos.<\/p>\n<p><\/p>\n","protected":false},"excerpt":{"rendered":"<p>A meta &eacute; mobilizar no m&iacute;nimo 70% da popula&ccedil;&atilde;o e arrecadar 70 mil litros de leite<\/p>\n","protected":false},"author":4,"featured_media":0,"comment_status":"closed","ping_status":"closed","sticky":false,"template":"","format":"standard","meta":{"footnotes":""},"categories":[24],"tags":[],"class_list":["post-691","post","type-post","status-publish","format-standard","hentry","category-noticias"],"acf":[],"_links":{"self":[{"href":"https:\/\/www.apucarana.pr.gov.br\/site\/wp-json\/wp\/v2\/posts\/691","targetHints":{"allow":["GET"]}}],"collection":[{"href":"https:\/\/www.apucarana.pr.gov.br\/site\/wp-json\/wp\/v2\/posts"}],"about":[{"href":"https:\/\/www.apucarana.pr.gov.br\/site\/wp-json\/wp\/v2\/types\/post"}],"author":[{"embeddable":true,"href":"https:\/\/www.apucarana.pr.gov.br\/site\/wp-json\/wp\/v2\/users\/4"}],"replies":[{"embeddable":true,"href":"https:\/\/www.apucarana.pr.gov.br\/site\/wp-json\/wp\/v2\/comments?post=691"}],"version-history":[{"count":1,"href":"https:\/\/www.apucarana.pr.gov.br\/site\/wp-json\/wp\/v2\/posts\/691\/revisions"}],"predecessor-version":[{"id":106185,"href":"https:\/\/www.apucarana.pr.gov.br\/site\/wp-json\/wp\/v2\/posts\/691\/revisions\/106185"}],"wp:attachment":[{"href":"https:\/\/www.apucarana.pr.gov.br\/site\/wp-json\/wp\/v2\/media?parent=691"}],"wp:term":[{"taxonomy":"category","embeddable":true,"href":"https:\/\/www.apucarana.pr.gov.br\/site\/wp-json\/wp\/v2\/categories?post=691"},{"taxonomy":"post_tag","embeddable":true,"href":"https:\/\/www.apucarana.pr.gov.br\/site\/wp-json\/wp\/v2\/tags?post=691"}],"curies":[{"name":"wp","href":"https:\/\/api.w.org\/{rel}","templated":true}]}}