{"id":689,"date":"2013-04-17T15:24:00","date_gmt":"2013-04-17T15:24:00","guid":{"rendered":"http:\/\/172.16.0.7\/site-antigo\/?p=689"},"modified":"2024-10-08T09:06:27","modified_gmt":"2024-10-08T12:06:27","slug":"apucarana-adere-a-programa-de-habitacao-rural","status":"publish","type":"post","link":"https:\/\/www.apucarana.pr.gov.br\/site\/apucarana-adere-a-programa-de-habitacao-rural\/","title":{"rendered":"Apucarana adere a programa de habita\u00e7\u00e3o rural"},"content":{"rendered":"<p>Aten\u00e7\u00e3o, agricultor familiar, participe neste dia 25 de abril, \u00e0s 9 horas, no sal\u00e3o nobre da Prefeitura de Apucarana, de um importante encontro para discutir o programa habitacional Minha Casa, Minha Vida Rural, que oferece subs\u00eddios para a constru\u00e7\u00e3o ou reforma de im\u00f3veis aos agricultores familiares, trabalhadores e aposentados rurais com renda anual de at\u00e9 15.000,00. <\/p>\n<p>A contrapartida do beneficiado \u00e9 m\u00ednima, de apenas 4% do valor do subs\u00eddio, sendo apenas quatro parcelas anuais, sem juros e sem atualiza\u00e7\u00e3o monet\u00e1ria. A primeira parcela vence um ano ap\u00f3s assinatura do contrato. <\/p>\n<p>Participe da reuni\u00e3o, dia 25 de abril, \u00e0s 9 horas, no sal\u00e3o nobre da prefeitura. A ades\u00e3o j\u00e1 foi feita pela Secretaria Municipal da Agricultura e nesta reuni\u00e3o ser\u00e3o expostas todas as formas de ingresso do agricultor apucaranense no projeto. Obtenha mais detalhes do encontro pelo 3423-5020.  <\/p>\n","protected":false},"excerpt":{"rendered":"<p>A contrapartida do beneficiado &eacute; m&iacute;nima, de apenas 4% do valor do subs&iacute;dio, sendo apenas quatro parcelas anuais, sem juros e sem atualiza&ccedil;&atilde;o monet&aacute;ria<\/p>\n","protected":false},"author":4,"featured_media":0,"comment_status":"closed","ping_status":"closed","sticky":false,"template":"","format":"standard","meta":{"footnotes":""},"categories":[24],"tags":[],"class_list":["post-689","post","type-post","status-publish","format-standard","hentry","category-noticias"],"acf":[],"_links":{"self":[{"href":"https:\/\/www.apucarana.pr.gov.br\/site\/wp-json\/wp\/v2\/posts\/689","targetHints":{"allow":["GET"]}}],"collection":[{"href":"https:\/\/www.apucarana.pr.gov.br\/site\/wp-json\/wp\/v2\/posts"}],"about":[{"href":"https:\/\/www.apucarana.pr.gov.br\/site\/wp-json\/wp\/v2\/types\/post"}],"author":[{"embeddable":true,"href":"https:\/\/www.apucarana.pr.gov.br\/site\/wp-json\/wp\/v2\/users\/4"}],"replies":[{"embeddable":true,"href":"https:\/\/www.apucarana.pr.gov.br\/site\/wp-json\/wp\/v2\/comments?post=689"}],"version-history":[{"count":1,"href":"https:\/\/www.apucarana.pr.gov.br\/site\/wp-json\/wp\/v2\/posts\/689\/revisions"}],"predecessor-version":[{"id":106187,"href":"https:\/\/www.apucarana.pr.gov.br\/site\/wp-json\/wp\/v2\/posts\/689\/revisions\/106187"}],"wp:attachment":[{"href":"https:\/\/www.apucarana.pr.gov.br\/site\/wp-json\/wp\/v2\/media?parent=689"}],"wp:term":[{"taxonomy":"category","embeddable":true,"href":"https:\/\/www.apucarana.pr.gov.br\/site\/wp-json\/wp\/v2\/categories?post=689"},{"taxonomy":"post_tag","embeddable":true,"href":"https:\/\/www.apucarana.pr.gov.br\/site\/wp-json\/wp\/v2\/tags?post=689"}],"curies":[{"name":"wp","href":"https:\/\/api.w.org\/{rel}","templated":true}]}}