{"id":687,"date":"2013-04-17T14:24:00","date_gmt":"2013-04-17T14:24:00","guid":{"rendered":"http:\/\/172.16.0.7\/site-antigo\/?p=687"},"modified":"2024-10-08T09:06:27","modified_gmt":"2024-10-08T12:06:27","slug":"prefeitura-libera-areas-para-sete-empresas","status":"publish","type":"post","link":"https:\/\/www.apucarana.pr.gov.br\/site\/prefeitura-libera-areas-para-sete-empresas\/","title":{"rendered":"Prefeitura libera \u00e1reas para sete empresas"},"content":{"rendered":"<p><p>O prefeito Beto Preto (PT) e o secret\u00e1rio da Ind\u00fastria e Com\u00e9rcio, La\u00e9rcio Beani da Costa, assinaram ontem contratos de compra e venda e tamb\u00e9m de aliena\u00e7\u00e3o de terrenos industriais com empres\u00e1rios atendidos pelo munic\u00edpio, junto ao Programa de Desenvolvimento Econ&ocirc;mico de Apucarana (Prodea). <\/p>\n<p>A regulariza\u00e7\u00e3o das \u00e1reas faz parte das a\u00e7\u00f5es de retomada do desenvolvimento econ&ocirc;mico, que est\u00e3o sendo priorizadas pela atual gest\u00e3o. A libera\u00e7\u00e3o contribui para que os novos empreendedores tenham acesso a cr\u00e9dito junto a entidades financeiras, como o BNDES, e possam viabilizar seus neg\u00f3cios. Cinco empresas foram contempladas com lotes no Parque Industrial Danilo Bert\u00e9, uma no Parque Industrial Zona Norte e uma no Parque Industrial Nova Ucr&acirc;nia. <\/p>\n<p>No evento, realizado na prefeitura, o vice-prefeito e secret\u00e1rio de obras Junior da Femac disse que o processo de industrializa\u00e7\u00e3o estava parado h\u00e1 12 anos em Apucarana. &ldquo;O que todos ouviam era s\u00f3 virtual ou fantasia, como os milhares de empregos prometidos; agora est\u00e1 acontecendo efetivamente a retomada do processo de industrializa\u00e7\u00e3o&rdquo;, frisou Junior. <\/p>\n<p>O prefeito Beto Preto aproveitou o encontro com empres\u00e1rios para confirmar investimentos, visando a abertura de duas novas \u00e1reas industriais. &ldquo;Estamos estruturando um novo parque junto ao Pirap\u00f3, para abrigar at\u00e9 trinta e cinco empresas do ramo de confec\u00e7\u00f5es, m\u00f3veis e de outros segmentos leves&rdquo;, anunciou.<\/p>\n<p>Ao mesmo tempo, Beto Preto confirmou a cria\u00e7\u00e3o de um novo parque industrial na regi\u00e3o Sul de Apucarana, numa \u00e1rea de trinta alqueires da Fazenda Juruba. &ldquo;A \u00e1rea, que j\u00e1 foi decretada de utilidade p\u00fablica para fins de desapropria\u00e7\u00e3o, poder\u00e1 receber at\u00e9 duzentas empresas, em lotes de mil a quatro mil metros&rdquo;, informou o prefeito. <\/p>\n<p>Ele acrescentou que na mesma regi\u00e3o est\u00e1 sendo reservada uma \u00e1rea para a constru\u00e7\u00e3o de mais 950 casas do Programa Minha Casa, Minha Vida. &ldquo;Novas ind\u00fastrias ir\u00e3o para l\u00e1 e bem junto delas haver\u00e1 m\u00e3o de obra dispon\u00edvel&rdquo;, emendou. <\/p>\n<p>Beto Preto tamb\u00e9m disse aos empres\u00e1rios que Apucarana est\u00e1 empenhada em qualificar m\u00e3o de obra. &ldquo;Estamos disponibilizando neste ano, atrav\u00e9s do Pronatec do Governo Federal, em parceria com o Senai e o Senac, 1.650 vagas em cursos profissionalizantes em diversas \u00e1reas. <\/p>\n<p><b>NOVAS EMPRESAS<\/b> &#8211; As novas empresas que obtiveram a libera\u00e7\u00e3o de lotes para escritura\u00e7\u00e3o e dar in\u00edcio \u00e0 constru\u00e7\u00e3o de barrac\u00f5es s\u00e3o as seguintes: Termopel (ind\u00fastria de embalagens), Rodo Bressan Transportes (tranportadora), R.F. de Paula Pedr\u00e3o (ind\u00fastria de polpa de frutas), Klivan Confec\u00e7\u00f5es (f\u00e1brica de brindes e confec\u00e7\u00f5es), Metal Ellu (metal\u00fargica), ABC Fogos (com\u00e9rcio de fogos de artif\u00edcio) e Sabenge (terraplanagem e artefatos de cimento).<\/p><\/p>\n","protected":false},"excerpt":{"rendered":"<p>Terrenos somam cerca de 12 mil metros e v&atilde;o gerar novos postos de trabalho ainda neste ano<\/p>\n","protected":false},"author":4,"featured_media":0,"comment_status":"closed","ping_status":"closed","sticky":false,"template":"","format":"standard","meta":{"footnotes":""},"categories":[24],"tags":[],"class_list":["post-687","post","type-post","status-publish","format-standard","hentry","category-noticias"],"acf":[],"_links":{"self":[{"href":"https:\/\/www.apucarana.pr.gov.br\/site\/wp-json\/wp\/v2\/posts\/687","targetHints":{"allow":["GET"]}}],"collection":[{"href":"https:\/\/www.apucarana.pr.gov.br\/site\/wp-json\/wp\/v2\/posts"}],"about":[{"href":"https:\/\/www.apucarana.pr.gov.br\/site\/wp-json\/wp\/v2\/types\/post"}],"author":[{"embeddable":true,"href":"https:\/\/www.apucarana.pr.gov.br\/site\/wp-json\/wp\/v2\/users\/4"}],"replies":[{"embeddable":true,"href":"https:\/\/www.apucarana.pr.gov.br\/site\/wp-json\/wp\/v2\/comments?post=687"}],"version-history":[{"count":1,"href":"https:\/\/www.apucarana.pr.gov.br\/site\/wp-json\/wp\/v2\/posts\/687\/revisions"}],"predecessor-version":[{"id":106189,"href":"https:\/\/www.apucarana.pr.gov.br\/site\/wp-json\/wp\/v2\/posts\/687\/revisions\/106189"}],"wp:attachment":[{"href":"https:\/\/www.apucarana.pr.gov.br\/site\/wp-json\/wp\/v2\/media?parent=687"}],"wp:term":[{"taxonomy":"category","embeddable":true,"href":"https:\/\/www.apucarana.pr.gov.br\/site\/wp-json\/wp\/v2\/categories?post=687"},{"taxonomy":"post_tag","embeddable":true,"href":"https:\/\/www.apucarana.pr.gov.br\/site\/wp-json\/wp\/v2\/tags?post=687"}],"curies":[{"name":"wp","href":"https:\/\/api.w.org\/{rel}","templated":true}]}}