{"id":686,"date":"2013-04-17T13:30:00","date_gmt":"2013-04-17T13:30:00","guid":{"rendered":"http:\/\/172.16.0.7\/site-antigo\/?p=686"},"modified":"2024-10-08T09:06:27","modified_gmt":"2024-10-08T12:06:27","slug":"procon-divulga-nova-pesquisa-de-precos-dos-combustiveis","status":"publish","type":"post","link":"https:\/\/www.apucarana.pr.gov.br\/site\/procon-divulga-nova-pesquisa-de-precos-dos-combustiveis\/","title":{"rendered":"Procon divulga nova pesquisa de pre\u00e7os dos combust\u00edveis"},"content":{"rendered":"<p>A Coordena\u00e7\u00e3o de Prote\u00e7\u00e3o do Consumidor de Apucarana (Procon\/Apucarana), em parceria com o Curso de Economia da Faculdade Estadual de Ci\u00eancias Econ&ocirc;micas de Apucarana (Fecea), conclui mais uma pesquisa sobre os pre\u00e7os de combust\u00edveis praticados nos postos do munic\u00edpio.   <\/p>\n<p>O levantamento foi feito entre os dias 13 e 14, com orienta\u00e7\u00e3o do professor Acir Bacon. &ldquo;Este trabalho visa levar a informa\u00e7\u00e3o precisa sobre a varia\u00e7\u00e3o do pre\u00e7o em todos os postos da cidade ao consumidor, sem o mesmo precisar sair de sua resid\u00eancia para procurar economia na hora de abastecer seu autom\u00f3vel&rdquo;, observa Robson de Souza Cruz, coordenador Geral do Procon de Apucarana.<\/p>\n<p>O prefeito Beto Preto (PT) destaca que a tabela completa com os pre\u00e7os e varia\u00e7\u00f5es est\u00e1 dispon\u00edvel para consulta no site oficial da Prefeitura de Apucarana &ndash; <a href=\"http:\/\/www.apucarana.pr.gov.br\">www.apucarana.pr.gov.br<\/a> &ndash; ou ainda na fan page do munic\u00edpio, no endere\u00e7o: <a href=\"http:\/\/www.facebook.com\/prefapucarana\">http:\/\/www.facebook.com\/prefapucarana<\/a>. <\/p>\n<p><\/p>\n","protected":false},"excerpt":{"rendered":"<p>O levantamento foi feito entre os dias 13 e 14, com orienta&ccedil;&atilde;o do professor Acir Bacon<\/p>\n","protected":false},"author":4,"featured_media":0,"comment_status":"closed","ping_status":"closed","sticky":false,"template":"","format":"standard","meta":{"footnotes":""},"categories":[24],"tags":[],"class_list":["post-686","post","type-post","status-publish","format-standard","hentry","category-noticias"],"acf":[],"_links":{"self":[{"href":"https:\/\/www.apucarana.pr.gov.br\/site\/wp-json\/wp\/v2\/posts\/686","targetHints":{"allow":["GET"]}}],"collection":[{"href":"https:\/\/www.apucarana.pr.gov.br\/site\/wp-json\/wp\/v2\/posts"}],"about":[{"href":"https:\/\/www.apucarana.pr.gov.br\/site\/wp-json\/wp\/v2\/types\/post"}],"author":[{"embeddable":true,"href":"https:\/\/www.apucarana.pr.gov.br\/site\/wp-json\/wp\/v2\/users\/4"}],"replies":[{"embeddable":true,"href":"https:\/\/www.apucarana.pr.gov.br\/site\/wp-json\/wp\/v2\/comments?post=686"}],"version-history":[{"count":1,"href":"https:\/\/www.apucarana.pr.gov.br\/site\/wp-json\/wp\/v2\/posts\/686\/revisions"}],"predecessor-version":[{"id":106190,"href":"https:\/\/www.apucarana.pr.gov.br\/site\/wp-json\/wp\/v2\/posts\/686\/revisions\/106190"}],"wp:attachment":[{"href":"https:\/\/www.apucarana.pr.gov.br\/site\/wp-json\/wp\/v2\/media?parent=686"}],"wp:term":[{"taxonomy":"category","embeddable":true,"href":"https:\/\/www.apucarana.pr.gov.br\/site\/wp-json\/wp\/v2\/categories?post=686"},{"taxonomy":"post_tag","embeddable":true,"href":"https:\/\/www.apucarana.pr.gov.br\/site\/wp-json\/wp\/v2\/tags?post=686"}],"curies":[{"name":"wp","href":"https:\/\/api.w.org\/{rel}","templated":true}]}}