{"id":685,"date":"2013-04-16T18:47:00","date_gmt":"2013-04-16T18:47:00","guid":{"rendered":"http:\/\/172.16.0.7\/site-antigo\/?p=685"},"modified":"2024-10-08T09:06:27","modified_gmt":"2024-10-08T12:06:27","slug":"prefeitura-realiza-melhorias-no-asfalto-do-parque-da-raposa","status":"publish","type":"post","link":"https:\/\/www.apucarana.pr.gov.br\/site\/prefeitura-realiza-melhorias-no-asfalto-do-parque-da-raposa\/","title":{"rendered":"Prefeitura realiza melhorias no asfalto do Parque da Raposa"},"content":{"rendered":"<p>Dando continuidade ao trabalho de recupera\u00e7\u00e3o do Parque da Raposa, oper\u00e1rios da Secretaria Municipal de Servi\u00e7os P\u00fablicos est\u00e3o realizando, nesta semana, uma opera\u00e7\u00e3o tapa buraco na regi\u00e3o, bem como a aplica\u00e7\u00e3o de lama asf\u00e1ltica na barragem.<\/p>\n<p>O Parque da Raposa vem recebendo melhorias desde o come\u00e7o do m\u00eas, com o servi\u00e7o de limpeza geral, ro\u00e7agem, abertura de galerias e desentupimento das bicas. Foi retirado todo tipo de lixo do local, como restos de m\u00f3veis, material de constru\u00e7\u00e3o e lixo dom\u00e9stico. <\/p>\n<p>Por solicita\u00e7\u00e3o dos t\u00e9cnicos ambientais, caixas de conten\u00e7\u00e3o da \u00e1gua da chuva tamb\u00e9m come\u00e7aram a ser constru\u00eddas a partir da entrada do parque para cessar e impedir que novas eros\u00f5es danifiquem a mata.<\/p>\n<\/p>\n<p><\/p>\n","protected":false},"excerpt":{"rendered":"<p>A &aacute;rea de lazer est&aacute; passando por recupera&ccedil;&atilde;o desde o come&ccedil;o do m&ecirc;s<\/p>\n","protected":false},"author":4,"featured_media":0,"comment_status":"closed","ping_status":"closed","sticky":false,"template":"","format":"standard","meta":{"footnotes":""},"categories":[24],"tags":[],"class_list":["post-685","post","type-post","status-publish","format-standard","hentry","category-noticias"],"acf":[],"_links":{"self":[{"href":"https:\/\/www.apucarana.pr.gov.br\/site\/wp-json\/wp\/v2\/posts\/685","targetHints":{"allow":["GET"]}}],"collection":[{"href":"https:\/\/www.apucarana.pr.gov.br\/site\/wp-json\/wp\/v2\/posts"}],"about":[{"href":"https:\/\/www.apucarana.pr.gov.br\/site\/wp-json\/wp\/v2\/types\/post"}],"author":[{"embeddable":true,"href":"https:\/\/www.apucarana.pr.gov.br\/site\/wp-json\/wp\/v2\/users\/4"}],"replies":[{"embeddable":true,"href":"https:\/\/www.apucarana.pr.gov.br\/site\/wp-json\/wp\/v2\/comments?post=685"}],"version-history":[{"count":1,"href":"https:\/\/www.apucarana.pr.gov.br\/site\/wp-json\/wp\/v2\/posts\/685\/revisions"}],"predecessor-version":[{"id":106191,"href":"https:\/\/www.apucarana.pr.gov.br\/site\/wp-json\/wp\/v2\/posts\/685\/revisions\/106191"}],"wp:attachment":[{"href":"https:\/\/www.apucarana.pr.gov.br\/site\/wp-json\/wp\/v2\/media?parent=685"}],"wp:term":[{"taxonomy":"category","embeddable":true,"href":"https:\/\/www.apucarana.pr.gov.br\/site\/wp-json\/wp\/v2\/categories?post=685"},{"taxonomy":"post_tag","embeddable":true,"href":"https:\/\/www.apucarana.pr.gov.br\/site\/wp-json\/wp\/v2\/tags?post=685"}],"curies":[{"name":"wp","href":"https:\/\/api.w.org\/{rel}","templated":true}]}}