{"id":684,"date":"2013-04-16T18:42:59","date_gmt":"2013-04-16T18:42:59","guid":{"rendered":"http:\/\/172.16.0.7\/site-antigo\/?p=684"},"modified":"2024-10-08T09:06:27","modified_gmt":"2024-10-08T12:06:27","slug":"polo-da-uab-em-apucarana-divulga-lista-dos-aprovados","status":"publish","type":"post","link":"https:\/\/www.apucarana.pr.gov.br\/site\/polo-da-uab-em-apucarana-divulga-lista-dos-aprovados\/","title":{"rendered":"Polo da UAB em Apucarana divulga lista dos aprovados"},"content":{"rendered":"<p><p>O Polo da Universidade Aberta do Brasil (UAB), em Apucarana, divulgou ontem (16) a lista dos aprovados para os cursos de p\u00f3s-gradua\u00e7\u00e3o em Gest\u00e3o P\u00fablica (237 classificados), Gest\u00e3o P\u00fablica Municipal (83) e Gest\u00e3o em Sa\u00fade (108), pela Unicentro.<\/p>\n<p>A rela\u00e7\u00e3o dos selecionados est\u00e1 dispon\u00edvel em edital na sede do Polo, localizado na Pra\u00e7a Rui Barbosa, n\u00famero 12. A lista tamb\u00e9m pode ser conferida atrav\u00e9s do blog poloapucarana.blogspot.com.br<span> <\/span><\/p>\n<p>As matr\u00edculas ser\u00e3o efetuadas na sede do Polo, num \u00fanico dia. Ser\u00e1 no pr\u00f3ximo s\u00e1bado (dia 20), entre 13 horas e 17 horas. Os cursos come\u00e7am no dia 29 de abril, com t\u00e9rmino em dezembro de 2014, incluindo o per\u00edodo para realiza\u00e7\u00e3o do Trabalho de Conclus\u00e3o do Curso (TCC), com defesa presencial para banca avaliadora. <\/p>\n<p>Os cursos, via Polo Presencial Apucarana do Sistema Universidade Aberta do Brasil (UAB), s\u00e3o ofertados na modalidade \u00e0 dist&acirc;ncia pela Universidade Estadual do Centro-Oeste (Unicentro), de Guarapuava, com reconhecimento do Minist\u00e9rio da Educa\u00e7\u00e3o (MEC). O conte\u00fado das disciplinas ser\u00e1 ministrado com a participa\u00e7\u00e3o de tutores presenciais e aux\u00edlio das novas tecnologias, que envolve o uso de um ambiente virtual, chamado de &ldquo;plataforma moodle&rdquo;.<\/p>\n<p><\/p>\n","protected":false},"excerpt":{"rendered":"<p>S&atilde;o 428 selecionados para cursos gratuitos de p&oacute;s-gradua&ccedil;&atilde;o<\/p>\n","protected":false},"author":4,"featured_media":0,"comment_status":"closed","ping_status":"closed","sticky":false,"template":"","format":"standard","meta":{"footnotes":""},"categories":[24],"tags":[],"class_list":["post-684","post","type-post","status-publish","format-standard","hentry","category-noticias"],"acf":[],"_links":{"self":[{"href":"https:\/\/www.apucarana.pr.gov.br\/site\/wp-json\/wp\/v2\/posts\/684","targetHints":{"allow":["GET"]}}],"collection":[{"href":"https:\/\/www.apucarana.pr.gov.br\/site\/wp-json\/wp\/v2\/posts"}],"about":[{"href":"https:\/\/www.apucarana.pr.gov.br\/site\/wp-json\/wp\/v2\/types\/post"}],"author":[{"embeddable":true,"href":"https:\/\/www.apucarana.pr.gov.br\/site\/wp-json\/wp\/v2\/users\/4"}],"replies":[{"embeddable":true,"href":"https:\/\/www.apucarana.pr.gov.br\/site\/wp-json\/wp\/v2\/comments?post=684"}],"version-history":[{"count":1,"href":"https:\/\/www.apucarana.pr.gov.br\/site\/wp-json\/wp\/v2\/posts\/684\/revisions"}],"predecessor-version":[{"id":106192,"href":"https:\/\/www.apucarana.pr.gov.br\/site\/wp-json\/wp\/v2\/posts\/684\/revisions\/106192"}],"wp:attachment":[{"href":"https:\/\/www.apucarana.pr.gov.br\/site\/wp-json\/wp\/v2\/media?parent=684"}],"wp:term":[{"taxonomy":"category","embeddable":true,"href":"https:\/\/www.apucarana.pr.gov.br\/site\/wp-json\/wp\/v2\/categories?post=684"},{"taxonomy":"post_tag","embeddable":true,"href":"https:\/\/www.apucarana.pr.gov.br\/site\/wp-json\/wp\/v2\/tags?post=684"}],"curies":[{"name":"wp","href":"https:\/\/api.w.org\/{rel}","templated":true}]}}