{"id":683,"date":"2013-04-16T17:51:59","date_gmt":"2013-04-16T17:51:59","guid":{"rendered":"http:\/\/172.16.0.7\/site-antigo\/?p=683"},"modified":"2024-10-08T09:06:27","modified_gmt":"2024-10-08T12:06:27","slug":"italo-sega-assume-17-sdp-e-se-reune-com-beto-preto","status":"publish","type":"post","link":"https:\/\/www.apucarana.pr.gov.br\/site\/italo-sega-assume-17-sdp-e-se-reune-com-beto-preto\/","title":{"rendered":"Italo S\u00eaga assume 17\u00aa SDP e se re\u00fane com Beto Preto"},"content":{"rendered":"<p>O prefeito Beto Preto recebeu nesta ter\u00e7a-feira a visita do novo delegado chefe da 17\u00aa Subdivis\u00e3o Policial, &Iacute;talo C\u00e9sar S\u00eaga. Ele anunciou ao prefeito a sua efetiva\u00e7\u00e3o no cargo, ap\u00f3s o afastamento do ex-delegado Valdir Abra\u00e3o.   <\/p>\n<p>S\u00eaga, que \u00e9 delegado de carreira da Pol\u00edcia Civil, respondia anteriormente pela delegacia de Jandaia do Sul. Ele ter\u00e1 como delegado-adjunto, Ricardo Casanova, e na Delegacia da Mulher, a Dra Yane Cardoso. <\/p>\n<p>Na audi\u00eancia com o prefeito, &Iacute;talo C\u00e9sar S\u00eaga reivindicou atendimento m\u00e9dico peri\u00f3dico no mini-pres\u00eddio de Apucarana. Ele justificou que o servi\u00e7o \u00e9 indispens\u00e1vel para o bem estar dos encarcerados e, ao mesmo tempo, evita traslados para consultas. <\/p>\n<p>Beto Preto manteve contato imediato com o secret\u00e1rio de sa\u00fade H\u00e9lio Kissina e recomendou o atendimento m\u00e9dico permanente no mini-pres\u00eddio. <\/p>\n<p><\/p>\n","protected":false},"excerpt":{"rendered":"<p>Encontro aconteceu no gabinete municipal<\/p>\n","protected":false},"author":4,"featured_media":0,"comment_status":"closed","ping_status":"closed","sticky":false,"template":"","format":"standard","meta":{"footnotes":""},"categories":[24],"tags":[],"class_list":["post-683","post","type-post","status-publish","format-standard","hentry","category-noticias"],"acf":[],"_links":{"self":[{"href":"https:\/\/www.apucarana.pr.gov.br\/site\/wp-json\/wp\/v2\/posts\/683","targetHints":{"allow":["GET"]}}],"collection":[{"href":"https:\/\/www.apucarana.pr.gov.br\/site\/wp-json\/wp\/v2\/posts"}],"about":[{"href":"https:\/\/www.apucarana.pr.gov.br\/site\/wp-json\/wp\/v2\/types\/post"}],"author":[{"embeddable":true,"href":"https:\/\/www.apucarana.pr.gov.br\/site\/wp-json\/wp\/v2\/users\/4"}],"replies":[{"embeddable":true,"href":"https:\/\/www.apucarana.pr.gov.br\/site\/wp-json\/wp\/v2\/comments?post=683"}],"version-history":[{"count":1,"href":"https:\/\/www.apucarana.pr.gov.br\/site\/wp-json\/wp\/v2\/posts\/683\/revisions"}],"predecessor-version":[{"id":106193,"href":"https:\/\/www.apucarana.pr.gov.br\/site\/wp-json\/wp\/v2\/posts\/683\/revisions\/106193"}],"wp:attachment":[{"href":"https:\/\/www.apucarana.pr.gov.br\/site\/wp-json\/wp\/v2\/media?parent=683"}],"wp:term":[{"taxonomy":"category","embeddable":true,"href":"https:\/\/www.apucarana.pr.gov.br\/site\/wp-json\/wp\/v2\/categories?post=683"},{"taxonomy":"post_tag","embeddable":true,"href":"https:\/\/www.apucarana.pr.gov.br\/site\/wp-json\/wp\/v2\/tags?post=683"}],"curies":[{"name":"wp","href":"https:\/\/api.w.org\/{rel}","templated":true}]}}