{"id":682,"date":"2013-04-16T17:50:00","date_gmt":"2013-04-16T17:50:00","guid":{"rendered":"http:\/\/172.16.0.7\/site-antigo\/?p=682"},"modified":"2024-10-08T09:06:27","modified_gmt":"2024-10-08T12:06:27","slug":"beto-preto-assume-presidencia-da-junta-do-servico-militar","status":"publish","type":"post","link":"https:\/\/www.apucarana.pr.gov.br\/site\/beto-preto-assume-presidencia-da-junta-do-servico-militar\/","title":{"rendered":"Beto Preto assume presid\u00eancia da Junta do Servi\u00e7o Militar"},"content":{"rendered":"<p>Em ato solene realizado no final da manh\u00e3 de hoje, na prefeitura, o prefeito Beto Preto foi empossado no cargo de presidente da Junto do Servi\u00e7o Militar de Apucarana. Ele fez o juramento previsto em regulamento pr\u00f3prio, perante a Bandeira do Brasil.   <\/p>\n<p>Participaram o presidente da C&acirc;mara, Jos\u00e9 Airton de Ara\u00fajo &ldquo;Deco&rdquo;, os vereadores Jos\u00e9 Antoniassi e Luiz Magalh\u00e3es, e o secret\u00e1rio de Gest\u00e3o P\u00fablica, Marcelo Machado, al\u00e9m do Procurador Jur\u00eddico Paulo S\u00e9rgio Vital. <\/p>\n<p>A solenidade foi presenciada ainda pelo tenente Rudimar Reis, delegado da 17\u00aa Delegacia do Servi\u00e7o Militar de Apucarana. O \u00f3rg\u00e3o tem abrang\u00eancia em vinte e nove munic\u00edpios da regi\u00e3o e tem como atribui\u00e7\u00e3o fiscalizar o alistamento militar na \u00e1rea. <\/p>\n<p>Depois de cumprir o juramento, o prefeito Beto Preto assinou o hist\u00f3rico livro-ata da Junta do Servi\u00e7o Militar de Apucarana. O documento, que j\u00e1 tem suas folhas &ldquo;amareladas&rdquo; pelo tempo, teve a sua primeira ata assinada no dia 30 de setembro de 1944, pelo primeiro prefeito de Apucarana, o coronel Jos\u00e9 Luiz dos Santos, o &ldquo;Coronel Mam\u00e3o&rdquo;. <\/p>\n<p><\/p>\n","protected":false},"excerpt":{"rendered":"<p>A solenidade foi presenciada ainda pelo tenente Rudimar Reis, delegado da 17&ordf; Delegacia do Servi&ccedil;o Militar de Apucarana<\/p>\n","protected":false},"author":4,"featured_media":0,"comment_status":"closed","ping_status":"closed","sticky":false,"template":"","format":"standard","meta":{"footnotes":""},"categories":[24],"tags":[],"class_list":["post-682","post","type-post","status-publish","format-standard","hentry","category-noticias"],"acf":[],"_links":{"self":[{"href":"https:\/\/www.apucarana.pr.gov.br\/site\/wp-json\/wp\/v2\/posts\/682","targetHints":{"allow":["GET"]}}],"collection":[{"href":"https:\/\/www.apucarana.pr.gov.br\/site\/wp-json\/wp\/v2\/posts"}],"about":[{"href":"https:\/\/www.apucarana.pr.gov.br\/site\/wp-json\/wp\/v2\/types\/post"}],"author":[{"embeddable":true,"href":"https:\/\/www.apucarana.pr.gov.br\/site\/wp-json\/wp\/v2\/users\/4"}],"replies":[{"embeddable":true,"href":"https:\/\/www.apucarana.pr.gov.br\/site\/wp-json\/wp\/v2\/comments?post=682"}],"version-history":[{"count":1,"href":"https:\/\/www.apucarana.pr.gov.br\/site\/wp-json\/wp\/v2\/posts\/682\/revisions"}],"predecessor-version":[{"id":106194,"href":"https:\/\/www.apucarana.pr.gov.br\/site\/wp-json\/wp\/v2\/posts\/682\/revisions\/106194"}],"wp:attachment":[{"href":"https:\/\/www.apucarana.pr.gov.br\/site\/wp-json\/wp\/v2\/media?parent=682"}],"wp:term":[{"taxonomy":"category","embeddable":true,"href":"https:\/\/www.apucarana.pr.gov.br\/site\/wp-json\/wp\/v2\/categories?post=682"},{"taxonomy":"post_tag","embeddable":true,"href":"https:\/\/www.apucarana.pr.gov.br\/site\/wp-json\/wp\/v2\/tags?post=682"}],"curies":[{"name":"wp","href":"https:\/\/api.w.org\/{rel}","templated":true}]}}