{"id":681,"date":"2013-04-16T13:25:59","date_gmt":"2013-04-16T13:25:59","guid":{"rendered":"http:\/\/172.16.0.7\/site-antigo\/?p=681"},"modified":"2024-10-08T09:06:27","modified_gmt":"2024-10-08T12:06:27","slug":"prefeito-beto-preto-atende-cidadaos-no-seu-gabinete","status":"publish","type":"post","link":"https:\/\/www.apucarana.pr.gov.br\/site\/prefeito-beto-preto-atende-cidadaos-no-seu-gabinete\/","title":{"rendered":"Prefeito Beto Preto atende cidad\u00e3os no seu gabinete"},"content":{"rendered":"<p><div>Aconteceu  na manh\u00e3 desta segunda-feira (15) a segunda sess\u00e3o de audi\u00eancias  agendadas por cidad\u00e3os apucaranenses com o prefeito Beto Preto. <\/p>\n<p>Das 7 \u00e0s  9 horas foram atendidas mais dez pessoas, que trataram de diversos  temas. As donas de casa Maria Pavani de Oliveira e Odila Gomes (fotos),  moradoras do Jardim Milani, pediram reparos urgentes para a Rua M\u00e1rio  Giublim. Segundo elas, a via n\u00e3o \u00e9 pavimentada e com as chuvas se  abriram eros\u00f5es dificultando a passagem pelo local. <\/p>\n<p>Utilizando-se de  recursos do Google Earth, o prefeito Beto Preto localizou e observou a  rua, junto com a Dona Maria e a Dona Odila. Ele garantiu que o problema  ser\u00e1 solucionado de forma r\u00e1pida.<\/p><\/div>\n<p><\/p>\n","protected":false},"excerpt":{"rendered":"<p>Das 7 &agrave;s 9 horas foram atendidas mais dez pessoas, que trataram de diversos temas<\/p>\n","protected":false},"author":4,"featured_media":0,"comment_status":"closed","ping_status":"closed","sticky":false,"template":"","format":"standard","meta":{"footnotes":""},"categories":[24],"tags":[],"class_list":["post-681","post","type-post","status-publish","format-standard","hentry","category-noticias"],"acf":[],"_links":{"self":[{"href":"https:\/\/www.apucarana.pr.gov.br\/site\/wp-json\/wp\/v2\/posts\/681","targetHints":{"allow":["GET"]}}],"collection":[{"href":"https:\/\/www.apucarana.pr.gov.br\/site\/wp-json\/wp\/v2\/posts"}],"about":[{"href":"https:\/\/www.apucarana.pr.gov.br\/site\/wp-json\/wp\/v2\/types\/post"}],"author":[{"embeddable":true,"href":"https:\/\/www.apucarana.pr.gov.br\/site\/wp-json\/wp\/v2\/users\/4"}],"replies":[{"embeddable":true,"href":"https:\/\/www.apucarana.pr.gov.br\/site\/wp-json\/wp\/v2\/comments?post=681"}],"version-history":[{"count":1,"href":"https:\/\/www.apucarana.pr.gov.br\/site\/wp-json\/wp\/v2\/posts\/681\/revisions"}],"predecessor-version":[{"id":106195,"href":"https:\/\/www.apucarana.pr.gov.br\/site\/wp-json\/wp\/v2\/posts\/681\/revisions\/106195"}],"wp:attachment":[{"href":"https:\/\/www.apucarana.pr.gov.br\/site\/wp-json\/wp\/v2\/media?parent=681"}],"wp:term":[{"taxonomy":"category","embeddable":true,"href":"https:\/\/www.apucarana.pr.gov.br\/site\/wp-json\/wp\/v2\/categories?post=681"},{"taxonomy":"post_tag","embeddable":true,"href":"https:\/\/www.apucarana.pr.gov.br\/site\/wp-json\/wp\/v2\/tags?post=681"}],"curies":[{"name":"wp","href":"https:\/\/api.w.org\/{rel}","templated":true}]}}