{"id":680,"date":"2013-04-16T13:23:59","date_gmt":"2013-04-16T13:23:59","guid":{"rendered":"http:\/\/172.16.0.7\/site-antigo\/?p=680"},"modified":"2024-10-08T09:06:28","modified_gmt":"2024-10-08T12:06:28","slug":"prefeitura-investe-em-equipamentos-para-manutencao-de-pracas","status":"publish","type":"post","link":"https:\/\/www.apucarana.pr.gov.br\/site\/prefeitura-investe-em-equipamentos-para-manutencao-de-pracas\/","title":{"rendered":"Prefeitura investe em equipamentos para manuten\u00e7\u00e3o de pra\u00e7as"},"content":{"rendered":"<p><div>A  Prefeitura de Apucarana colocou em uso na manh\u00e3 desta segunda-feira (15)  um novo equipamento, destinado \u00e0 manuten\u00e7\u00e3o de pra\u00e7as e campos de  futebol. Trata-se de um trator equipado com plataforma para aparar  grama.  O trator da marca John Deere, modelo D130, que custou R$ 11.500  foi utilizado pela primeira vez na poda do gramado do Complexo Esportivo  Lago\u00e3o. <\/p>\n<p>O prefeito Beto Preto foi conferir de perto o rendimento do  trabalho e at\u00e9 pilotou o trator.  <\/p>\n<p>&ldquo;Assumimos a prefeitura com poucos  equipamentos e a maioria deles sucateados. E para atender a demanda de  servi\u00e7os j\u00e1 providenciamos a compra de um trator, 10 ro\u00e7adeiras e 7  motosserras&rdquo;, informa o prefeito Beto Preto.<\/p><\/div>\n<p><\/p>\n","protected":false},"excerpt":{"rendered":"<p>O prefeito Beto Preto foi conferir de perto o rendimento do trabalho e at&eacute; pilotou o trator<\/p>\n","protected":false},"author":4,"featured_media":0,"comment_status":"closed","ping_status":"closed","sticky":false,"template":"","format":"standard","meta":{"footnotes":""},"categories":[24],"tags":[],"class_list":["post-680","post","type-post","status-publish","format-standard","hentry","category-noticias"],"acf":[],"_links":{"self":[{"href":"https:\/\/www.apucarana.pr.gov.br\/site\/wp-json\/wp\/v2\/posts\/680","targetHints":{"allow":["GET"]}}],"collection":[{"href":"https:\/\/www.apucarana.pr.gov.br\/site\/wp-json\/wp\/v2\/posts"}],"about":[{"href":"https:\/\/www.apucarana.pr.gov.br\/site\/wp-json\/wp\/v2\/types\/post"}],"author":[{"embeddable":true,"href":"https:\/\/www.apucarana.pr.gov.br\/site\/wp-json\/wp\/v2\/users\/4"}],"replies":[{"embeddable":true,"href":"https:\/\/www.apucarana.pr.gov.br\/site\/wp-json\/wp\/v2\/comments?post=680"}],"version-history":[{"count":1,"href":"https:\/\/www.apucarana.pr.gov.br\/site\/wp-json\/wp\/v2\/posts\/680\/revisions"}],"predecessor-version":[{"id":106196,"href":"https:\/\/www.apucarana.pr.gov.br\/site\/wp-json\/wp\/v2\/posts\/680\/revisions\/106196"}],"wp:attachment":[{"href":"https:\/\/www.apucarana.pr.gov.br\/site\/wp-json\/wp\/v2\/media?parent=680"}],"wp:term":[{"taxonomy":"category","embeddable":true,"href":"https:\/\/www.apucarana.pr.gov.br\/site\/wp-json\/wp\/v2\/categories?post=680"},{"taxonomy":"post_tag","embeddable":true,"href":"https:\/\/www.apucarana.pr.gov.br\/site\/wp-json\/wp\/v2\/tags?post=680"}],"curies":[{"name":"wp","href":"https:\/\/api.w.org\/{rel}","templated":true}]}}