{"id":679,"date":"2013-04-15T18:36:00","date_gmt":"2013-04-15T18:36:00","guid":{"rendered":"http:\/\/172.16.0.7\/site-antigo\/?p=679"},"modified":"2024-10-08T09:06:28","modified_gmt":"2024-10-08T12:06:28","slug":"caminhada-de-10-quilometros-abre-calendario-anual","status":"publish","type":"post","link":"https:\/\/www.apucarana.pr.gov.br\/site\/caminhada-de-10-quilometros-abre-calendario-anual\/","title":{"rendered":"Caminhada de 10 quil&#244;metros abre calend\u00e1rio anual"},"content":{"rendered":"<p><p>Setenta e cinco pessoas participaram no domingo da 1\u00aa Caminhada Rural de 2013. Organizada pela Funda\u00e7\u00e3o Cultural e Turismo da Prefeitura de Apucarana, em parceria com o Instituto Emater, a atividade atraiu um p\u00fablico de todas as idades. &ldquo;Crian\u00e7as, jovens e adultos aproveitaram o trajeto com muita descontra\u00e7\u00e3o e energia&rdquo;, conta Ednei Roberto Rosina Mansano, diretor-presidente da Funda\u00e7\u00e3o. Ele informa que a partir de agora o munic\u00edpio ir\u00e1 realizar uma caminhada mensal, sendo duas internacionais. &ldquo;A Caminhada da Lua e a Caminhada da Juruba&rdquo;, detalha. De acordo com ele, as pessoas podem se cadastrar antecipadamente. &ldquo;Nossa equipe est\u00e1 \u00e0 disposi\u00e7\u00e3o. Em maio teremos um novo roteiro, cujo destino vamos divulgar em breve&rdquo;, diz.  <\/p>\n<p><b>Como foi<\/b> &#8211; A sa\u00edda da caminhada que abriu o circuito anual aconteceu logo cedo da Pra\u00e7a Walmor Santos Giavarina (Pra\u00e7a da Cascata). O percurso foi de 10 quil&ocirc;metros. &ldquo;No quil&ocirc;metro &ldquo;tr\u00eas&rdquo; fizemos uma pausa para um caf\u00e9 da manh\u00e3 t\u00edpico do campo no S\u00edtio Yortchetzs e terminamos com um almo\u00e7o no Pesqueiro Rio do Peixe&rdquo;, detalha Mansano. Segundo ele, os participantes destacaram a organiza\u00e7\u00e3o. &ldquo;Pessoas que participam a bastante tempo deste tipo de percurso nos parabenizaram destacando a estrutura de apoio oferecida aos caminhantes&rdquo;, concluiu. <\/p>\n<p>Mais informa\u00e7\u00f5es sobre as caminhadas rurais de Apucarana podem ser obtidas na Funda\u00e7\u00e3o Cultural e Turismo, localizada no Cine Teatro F\u00eanix, das 8 \u00e0s 18 horas de segunda a sexta-feira. O telefone de contato \u00e9 o 3423-2944.<\/p>\n<p><\/p>\n","protected":false},"excerpt":{"rendered":"<p>Atividade reuniu setenta e cinco pessoas no domingo<\/p>\n","protected":false},"author":4,"featured_media":0,"comment_status":"closed","ping_status":"closed","sticky":false,"template":"","format":"standard","meta":{"footnotes":""},"categories":[24],"tags":[],"class_list":["post-679","post","type-post","status-publish","format-standard","hentry","category-noticias"],"acf":[],"_links":{"self":[{"href":"https:\/\/www.apucarana.pr.gov.br\/site\/wp-json\/wp\/v2\/posts\/679","targetHints":{"allow":["GET"]}}],"collection":[{"href":"https:\/\/www.apucarana.pr.gov.br\/site\/wp-json\/wp\/v2\/posts"}],"about":[{"href":"https:\/\/www.apucarana.pr.gov.br\/site\/wp-json\/wp\/v2\/types\/post"}],"author":[{"embeddable":true,"href":"https:\/\/www.apucarana.pr.gov.br\/site\/wp-json\/wp\/v2\/users\/4"}],"replies":[{"embeddable":true,"href":"https:\/\/www.apucarana.pr.gov.br\/site\/wp-json\/wp\/v2\/comments?post=679"}],"version-history":[{"count":1,"href":"https:\/\/www.apucarana.pr.gov.br\/site\/wp-json\/wp\/v2\/posts\/679\/revisions"}],"predecessor-version":[{"id":106197,"href":"https:\/\/www.apucarana.pr.gov.br\/site\/wp-json\/wp\/v2\/posts\/679\/revisions\/106197"}],"wp:attachment":[{"href":"https:\/\/www.apucarana.pr.gov.br\/site\/wp-json\/wp\/v2\/media?parent=679"}],"wp:term":[{"taxonomy":"category","embeddable":true,"href":"https:\/\/www.apucarana.pr.gov.br\/site\/wp-json\/wp\/v2\/categories?post=679"},{"taxonomy":"post_tag","embeddable":true,"href":"https:\/\/www.apucarana.pr.gov.br\/site\/wp-json\/wp\/v2\/tags?post=679"}],"curies":[{"name":"wp","href":"https:\/\/api.w.org\/{rel}","templated":true}]}}