{"id":677,"date":"2013-04-15T16:30:00","date_gmt":"2013-04-15T16:30:00","guid":{"rendered":"http:\/\/172.16.0.7\/site-antigo\/?p=677"},"modified":"2024-10-08T09:06:28","modified_gmt":"2024-10-08T12:06:28","slug":"apucarana-elege-garota-e-garoto-do-bone-2013","status":"publish","type":"post","link":"https:\/\/www.apucarana.pr.gov.br\/site\/apucarana-elege-garota-e-garoto-do-bone-2013\/","title":{"rendered":"Apucarana elege Garota e Garoto do Bon\u00e9 2013"},"content":{"rendered":"<p><a href=\"http:\/\/www.tnonline.com.br\/noticias\/entretenimento\/13,181751,15,04,apucarana-elege-garota-e-garoto-do-bone-2013.shtml#\"><\/a>Com a prensen\u00e7a de familiares, amigos, empres\u00e1rios, pol\u00edticos e imprensa, o APL Bon\u00e9s de Apucarana, juntamente  com o STIVAR, SIVALE, Prefeitura de Apucarana e FIEP, elegeu no \u00faltimo  s\u00e1bado (13), a Garota e o Garoto do Bon\u00e9 2013. O palco da elei\u00e7\u00e3o foi a  sede campestre do Sindicato dos Trabalhadores nas Ind\u00fastrias do  Vestu\u00e1rio de Apucarana e Regi\u00e3o.<\/p>\n<p> Ap\u00f3s uma vota\u00e7\u00e3o acirrada, os jurados elegeram os mais belos  representantes do setor do Bon\u00e9 de Apucarana. C\u00e1ssia Cristiane Alves, 21  anos, representante da empresa  Lenix Confec\u00e7\u00f5es foi eleita a Garota do Bon\u00e9 2013. O Garoto do Bon\u00e9 \u00e9  Allan S\u00e9rgio Pereira J\u00fanior, 23 anos, representante da empresa Tina  Confec\u00e7\u00f5es.<\/p>\n<p> Entre as garotas, Mar\u00edlia Chel (It\u00e1lia Milano) ficou com a 2\u00aa coloca\u00e7\u00e3o e  Camila dos Reis (Bonearte) foi a 3\u00aa colocada. J\u00e1 entre os garotos,  Presley Felipe Oliveira Alves (It\u00e1lia Milano) foi o 2\u00ba colocado, com  Victor Hugo Fernandes (Layner&acute;s Bon\u00e9s) ficando com o 3\u00ba lugar.<\/p>\n<p> O evento<a href=\"http:\/\/www.tnonline.com.br\/noticias\/entretenimento\/13,181751,15,04,apucarana-elege-garota-e-garoto-do-bone-2013.shtml#\"><\/a>  contou com a participa\u00e7\u00e3o do empres\u00e1rio Carlinhos Pataluch (JCN Bon\u00e9s)  que representou o APL Bon\u00e9s de Apucarana, da presidente do STIVAR Maria  Leonora Batista e de Elisabete Ardigo (B2 Brindes) que representou o  SIVALE.<\/p>\n<p> Quem tamb\u00e9m marcou presen\u00e7a no concurso 2013 foram o presidente da  C&acirc;mara dos Vereadores, Jos\u00e9 Airton de Ara\u00fajo (Deco) e o Secret\u00e1rio de  Ind\u00fastria e Com\u00e9rcio da Prefeitura de Apucarana, La\u00e9rcio Costa, que no  evento representou o prefeito da cidade Beto Preto.<\/p>\n<p>Fonte: <a href=\"http:\/\/www.tnonline.com.br\/noticias\/entretenimento\/13,181751,15,04,apucarana-elege-garota-e-garoto-do-bone-2013.shtml\">Site TNOnline<\/a><\/p>\n","protected":false},"excerpt":{"rendered":"<p>Evento aconteceu s&aacute;bado na sede campestre do STIVAR<\/p>\n","protected":false},"author":4,"featured_media":0,"comment_status":"closed","ping_status":"closed","sticky":false,"template":"","format":"standard","meta":{"footnotes":""},"categories":[24],"tags":[],"class_list":["post-677","post","type-post","status-publish","format-standard","hentry","category-noticias"],"acf":[],"_links":{"self":[{"href":"https:\/\/www.apucarana.pr.gov.br\/site\/wp-json\/wp\/v2\/posts\/677","targetHints":{"allow":["GET"]}}],"collection":[{"href":"https:\/\/www.apucarana.pr.gov.br\/site\/wp-json\/wp\/v2\/posts"}],"about":[{"href":"https:\/\/www.apucarana.pr.gov.br\/site\/wp-json\/wp\/v2\/types\/post"}],"author":[{"embeddable":true,"href":"https:\/\/www.apucarana.pr.gov.br\/site\/wp-json\/wp\/v2\/users\/4"}],"replies":[{"embeddable":true,"href":"https:\/\/www.apucarana.pr.gov.br\/site\/wp-json\/wp\/v2\/comments?post=677"}],"version-history":[{"count":1,"href":"https:\/\/www.apucarana.pr.gov.br\/site\/wp-json\/wp\/v2\/posts\/677\/revisions"}],"predecessor-version":[{"id":106199,"href":"https:\/\/www.apucarana.pr.gov.br\/site\/wp-json\/wp\/v2\/posts\/677\/revisions\/106199"}],"wp:attachment":[{"href":"https:\/\/www.apucarana.pr.gov.br\/site\/wp-json\/wp\/v2\/media?parent=677"}],"wp:term":[{"taxonomy":"category","embeddable":true,"href":"https:\/\/www.apucarana.pr.gov.br\/site\/wp-json\/wp\/v2\/categories?post=677"},{"taxonomy":"post_tag","embeddable":true,"href":"https:\/\/www.apucarana.pr.gov.br\/site\/wp-json\/wp\/v2\/tags?post=677"}],"curies":[{"name":"wp","href":"https:\/\/api.w.org\/{rel}","templated":true}]}}