{"id":676,"date":"2013-04-15T16:03:00","date_gmt":"2013-04-15T16:03:00","guid":{"rendered":"http:\/\/172.16.0.7\/site-antigo\/?p=676"},"modified":"2024-10-08T09:06:28","modified_gmt":"2024-10-08T12:06:28","slug":"fase-municipal-dos-jogos-escolares-tera-participacao-de-1-5-mil-alunos","status":"publish","type":"post","link":"https:\/\/www.apucarana.pr.gov.br\/site\/fase-municipal-dos-jogos-escolares-tera-participacao-de-1-5-mil-alunos\/","title":{"rendered":"Fase Municipal dos Jogos Escolares ter\u00e1 participa\u00e7\u00e3o de 1,5 mil alunos"},"content":{"rendered":"<p>Mil quinhentos e setenta e oito alunos de 13 col\u00e9gios estaduais, nove institui\u00e7\u00f5es de ensino particular e duas escolas municipais confirmaram participa\u00e7\u00e3o na fase municipal do 60\u00ba Jogos Escolares do Paran\u00e1 (JEP&rsquo;s). A competi\u00e7\u00e3o, que tem in\u00edcio nesta sexta-feira (19\/04) e segue at\u00e9 o dia 27, teve congresso t\u00e9cnico ontem (segunda-feira &ndash; 15\/04), no sal\u00e3o nobre da Prefeitura de Apucarana. <\/p>\n<p>O momento solene foi comandado pela chefe do N\u00facleo Regional de Educa\u00e7\u00e3o, professora Maria Onide Balan Sardinha e pela secret\u00e1ria Municipal de Esportes, professora Dione Gaspar. A coordena\u00e7\u00e3o t\u00e9cnica ficou a cargo do professor Edilson Marcondes (Ski). &ldquo;N\u00e3o vamos medir esfor\u00e7os para fazer a competi\u00e7\u00e3o da melhor maneira poss\u00edvel. Toda nossa secretaria vai estar de portas abertas 24 horas durante os jogos&rdquo;, assinalou professora Dione, que tamb\u00e9m representou o prefeito Beto Preto.   <\/p>\n<p>A import&acirc;ncia dos jogos escolares foi o destaque da chefe do NRE, professora Maria Onide. &ldquo;O congresso t\u00e9cnico \u00e9 um momento especial, agrade\u00e7o a todos os 78 dirigentes (professores) pelo comprometimento de trazer suas escolas para a competi\u00e7\u00e3o. Se perguntarmos, a maioria dos alunos certamente vai responder que a aula que eles mais gostam \u00e9 a de educa\u00e7\u00e3o f\u00edsica. Parabenizo e agrade\u00e7o a todos que fazem os jogos escolares, que contribuem para que o brilho jamais se perca. Espero todos na abertura. Vamos ter gin\u00e1sio lotado, com toda aquela energia, que emociona e toma conta da gente&rdquo;, ilustrou.<\/p>\n<p>Com competi\u00e7\u00f5es nas modalidades basquete, futsal v&ocirc;lei, v&ocirc;lei de praia, handebol, atletismo, xadrez e t\u00eanis de mesa, a fase municipal dos JEPs vai reunir alunos nascidos de 1996 a 1998 (Classe A), entre 1999 e 2001 (Classe B) e nascidos entre 2001 e 2003 (Classe C). <\/p>\n<p>O futebol de campo n\u00e3o far\u00e1 parte desta fase dos JEP&rsquo;s, pois ser\u00e1 disputado dentro do projeto &ldquo;Bom de Bola&rdquo;, que vai acontecer de 11 a 18 de maio nas Classes A e B. Para esta competi\u00e7\u00e3o, as inscri\u00e7\u00f5es v\u00e3o at\u00e9 o dia 2 de maio. <\/p>\n<p>A abertura oficial da fase municipal dos JEPs acontece nesta sexta-feira (19\/04), \u00e0s 9 horas, no gin\u00e1sio do Col\u00e9gio Nossa Senhora da Gl\u00f3ria (Glorinha). Todos os atletas\/alunos que participarem do ato v\u00e3o receber um cupom e concorrer a bicicletas.<\/p>\n<p>Uma promo\u00e7\u00e3o do Governo do Estado do Paran\u00e1 atrav\u00e9s das secretarias da Educa\u00e7\u00e3o e do Esporte, por interm\u00e9dio dos n\u00facleos regionais de Educa\u00e7\u00e3o, escrit\u00f3rios regionais de Esportes e prefeituras municipais, os JEPs apresentam ainda as etapas Regionais, Macrorregionais e Final, sendo o maior evento esportivo estudantil da Am\u00e9rica Latina.<\/p>\n<p>Mais informa\u00e7\u00f5es pelo portal <a href=\"http:\/\/www.jogosescolares.pr.gov.br\">http:\/\/www.jogosescolares.pr.gov.br<\/a> ou ainda 3422-5184, na Secretaria de Esportes de Apucarana.<\/p>\n<h4><\/h4>\n<p><b><u>Institui\u00e7\u00f5es participantes<\/u><\/p>\n<p>Col\u00e9gios Estaduais<\/p>\n<p>&#8211;<\/b> Ant&ocirc;nio dos Tr\u00eas Reis de Oliveira<br \/>&#8211; Nilo Cairo<br \/>&#8211; Polivalente<br \/>&#8211; S\u00e3o Bartolomeu<br \/>&#8211; Osmar Guaracy Freire<br \/>&#8211; Tadashi Enomoto<br \/>&#8211; Padre Jos\u00e9 Canale<br \/>&#8211; Professora Godom\u00e1 Bevilacqua<br \/>&#8211; Alberto Santos Dumont<br \/>&#8211; Cel. Luiz Jos\u00e9 dos Santos<br \/>&#8211; Prefeito Carlos Massaretto<br \/>&#8211; Vale do Saber<br \/>&#8211; UTFPR &ndash; campus Apucarana<\/p>\n<p><b>Col\u00e9gios Particulares<\/b><\/p>\n<p>&#8211; Plat\u00e3o<br \/>&#8211; Mater Dei<br \/>&#8211; Sesi<br \/>&#8211; S\u00e3o Jos\u00e9<br \/>&#8211; Chamberlaine<br \/>&#8211; Cobra<br \/>&#8211; Nossa Senhora da Gl\u00f3ria<br \/>&#8211; Nossa Senhora da Alegria<br \/>&#8211; Evolu\u00e7\u00e3o<\/p>\n<p><b>Escolas Municipais<\/b><\/p>\n<p><b>&#8211; <\/b>Pe. Ant&ocirc;nio Vieira<br \/>&#8211; Juiz Luiz Fernando Ara\u00fajo Pereira<\/p><\/p>\n","protected":false},"excerpt":{"rendered":"<p>A abertura oficial da fase municipal dos JEPs acontece nesta sexta-feira (19\/04), &agrave;s 9 horas, no gin&aacute;sio do Col&eacute;gio Nossa Senhora da Gl&oacute;ria (Glorinha)<\/p>\n","protected":false},"author":4,"featured_media":0,"comment_status":"closed","ping_status":"closed","sticky":false,"template":"","format":"standard","meta":{"footnotes":""},"categories":[24],"tags":[],"class_list":["post-676","post","type-post","status-publish","format-standard","hentry","category-noticias"],"acf":[],"_links":{"self":[{"href":"https:\/\/www.apucarana.pr.gov.br\/site\/wp-json\/wp\/v2\/posts\/676","targetHints":{"allow":["GET"]}}],"collection":[{"href":"https:\/\/www.apucarana.pr.gov.br\/site\/wp-json\/wp\/v2\/posts"}],"about":[{"href":"https:\/\/www.apucarana.pr.gov.br\/site\/wp-json\/wp\/v2\/types\/post"}],"author":[{"embeddable":true,"href":"https:\/\/www.apucarana.pr.gov.br\/site\/wp-json\/wp\/v2\/users\/4"}],"replies":[{"embeddable":true,"href":"https:\/\/www.apucarana.pr.gov.br\/site\/wp-json\/wp\/v2\/comments?post=676"}],"version-history":[{"count":1,"href":"https:\/\/www.apucarana.pr.gov.br\/site\/wp-json\/wp\/v2\/posts\/676\/revisions"}],"predecessor-version":[{"id":106200,"href":"https:\/\/www.apucarana.pr.gov.br\/site\/wp-json\/wp\/v2\/posts\/676\/revisions\/106200"}],"wp:attachment":[{"href":"https:\/\/www.apucarana.pr.gov.br\/site\/wp-json\/wp\/v2\/media?parent=676"}],"wp:term":[{"taxonomy":"category","embeddable":true,"href":"https:\/\/www.apucarana.pr.gov.br\/site\/wp-json\/wp\/v2\/categories?post=676"},{"taxonomy":"post_tag","embeddable":true,"href":"https:\/\/www.apucarana.pr.gov.br\/site\/wp-json\/wp\/v2\/tags?post=676"}],"curies":[{"name":"wp","href":"https:\/\/api.w.org\/{rel}","templated":true}]}}