{"id":675,"date":"2013-04-15T15:56:00","date_gmt":"2013-04-15T15:56:00","guid":{"rendered":"http:\/\/172.16.0.7\/site-antigo\/?p=675"},"modified":"2024-10-08T09:06:28","modified_gmt":"2024-10-08T12:06:28","slug":"corredor-representa-apucarana-em-competicoes-pelo-parana","status":"publish","type":"post","link":"https:\/\/www.apucarana.pr.gov.br\/site\/corredor-representa-apucarana-em-competicoes-pelo-parana\/","title":{"rendered":"Corredor representa Apucarana em competi\u00e7\u00f5es pelo Paran\u00e1"},"content":{"rendered":"<p>Depois de mais de 30 anos dedicados ao ciclismo amador, o apucaranense Aparecido Justino Dias (49), o popular &ldquo;Pastor&rdquo;, descobriu em janeiro deste ano uma nova paix\u00e3o desportista. Ap\u00f3s participar da 51\u00aa Prova Pedestre 28 de Janeiro, em comemora\u00e7\u00e3o aos 69 anos de Apucarana, n\u00e3o parou mais de &ldquo;competir&rdquo;.<\/p>\n<p>Como diferencial, por onde tem corrido ele leva a bandeira do munic\u00edpio, com destaque \u00e0 recente participa\u00e7\u00e3o, em Foz do Igua\u00e7u, na 4\u00aa Etapa do Circuito Sesc &ndash; Caminhada e Corrida de Rua.<\/p>\n<p>Seguran\u00e7a particular de profiss\u00e3o, nesta segunda-feira (15\/04) ele presenteou o prefeito Beto Preto (PT) com duas medalhas conquistadas por ele neste ano e revelou ser o gestor municipal um grande incentivador. &ldquo;Via as pessoas correndo em competi\u00e7\u00f5es e sempre dizia, um dia eu tamb\u00e9m vou. Participei da &ldquo;28&rdquo; e a\u00ed me apaixonei e n\u00e3o parei mais. O prefeito foi um grande incentivador&rdquo;, contou. <\/p>\n<p>Hoje, &ldquo;Pastor&rdquo; integra a equipe &ldquo;P\u00e9 Vermelho&rdquo;, da Dias Couro. &ldquo;O &ldquo;Cido&rdquo; \u00e9 um vencedor. Um exemplo a ser seguido, representando a cidade, levando nossa bandeira com muito orgulho&rdquo;, disse o prefeito Beto Preto, que informou que &ldquo;com muita honra e alegria&rdquo; vai mandar enquadrar as medalhas recebidas como presente, juntamente com a foto de ambos.<\/p>\n<p><b>Desafios <\/b>&ndash; Na agenda de pr\u00f3ximas corridas, Pastor tem participa\u00e7\u00f5es confirmadas na Prova de Tiradentes, em Maring\u00e1, e at\u00e9 mesmo uma corrida internacional, que acontece em setembro em Foz do Igua\u00e7u.<\/p>\n<p><\/p>\n","protected":false},"excerpt":{"rendered":"<p>Seguran&ccedil;a particular de profiss&atilde;o, nesta segunda-feira (15\/04) ele presenteou o prefeito Beto Preto (PT) com duas medalhas conquistadas por ele neste ano<\/p>\n","protected":false},"author":4,"featured_media":0,"comment_status":"closed","ping_status":"closed","sticky":false,"template":"","format":"standard","meta":{"footnotes":""},"categories":[24],"tags":[],"class_list":["post-675","post","type-post","status-publish","format-standard","hentry","category-noticias"],"acf":[],"_links":{"self":[{"href":"https:\/\/www.apucarana.pr.gov.br\/site\/wp-json\/wp\/v2\/posts\/675","targetHints":{"allow":["GET"]}}],"collection":[{"href":"https:\/\/www.apucarana.pr.gov.br\/site\/wp-json\/wp\/v2\/posts"}],"about":[{"href":"https:\/\/www.apucarana.pr.gov.br\/site\/wp-json\/wp\/v2\/types\/post"}],"author":[{"embeddable":true,"href":"https:\/\/www.apucarana.pr.gov.br\/site\/wp-json\/wp\/v2\/users\/4"}],"replies":[{"embeddable":true,"href":"https:\/\/www.apucarana.pr.gov.br\/site\/wp-json\/wp\/v2\/comments?post=675"}],"version-history":[{"count":1,"href":"https:\/\/www.apucarana.pr.gov.br\/site\/wp-json\/wp\/v2\/posts\/675\/revisions"}],"predecessor-version":[{"id":106201,"href":"https:\/\/www.apucarana.pr.gov.br\/site\/wp-json\/wp\/v2\/posts\/675\/revisions\/106201"}],"wp:attachment":[{"href":"https:\/\/www.apucarana.pr.gov.br\/site\/wp-json\/wp\/v2\/media?parent=675"}],"wp:term":[{"taxonomy":"category","embeddable":true,"href":"https:\/\/www.apucarana.pr.gov.br\/site\/wp-json\/wp\/v2\/categories?post=675"},{"taxonomy":"post_tag","embeddable":true,"href":"https:\/\/www.apucarana.pr.gov.br\/site\/wp-json\/wp\/v2\/tags?post=675"}],"curies":[{"name":"wp","href":"https:\/\/api.w.org\/{rel}","templated":true}]}}