{"id":674,"date":"2013-04-12T17:23:00","date_gmt":"2013-04-12T17:23:00","guid":{"rendered":"http:\/\/172.16.0.7\/site-antigo\/?p=674"},"modified":"2024-10-08T09:06:28","modified_gmt":"2024-10-08T12:06:28","slug":"agencia-do-trabalhador-dara-atendimento-prioritario-a-desempregados-da-industria","status":"publish","type":"post","link":"https:\/\/www.apucarana.pr.gov.br\/site\/agencia-do-trabalhador-dara-atendimento-prioritario-a-desempregados-da-industria\/","title":{"rendered":"Ag\u00eancia do Trabalhador dar\u00e1 atendimento priorit\u00e1rio a desempregados da ind\u00fastria"},"content":{"rendered":"<p><p>Visando amenizar a situa\u00e7\u00e3o de desemprego causada pelo fechamento de v\u00e1rias f\u00e1bricas de confec\u00e7\u00f5es em opera\u00e7\u00e3o do Gaeco, a Ag\u00eancia do Trabalhador, em Apucarana, vai trabalhar, a partir de segunda-feira, com atendimento diferenciado aos trabalhadores deste ramo da ind\u00fastria. <\/p>\n<p>Ser\u00e3o distribu\u00eddas senhas priorit\u00e1rias para aqueles que ficaram desempregados. Com muitas vagas dispon\u00edveis no setor de vestu\u00e1rio, a recoloca\u00e7\u00e3o no mercado de trabalho j\u00e1 pode se tornar uma realidade para dezenas de pessoas. &ldquo;Vamos come\u00e7ar tamb\u00e9m na pr\u00f3xima semana um trabalho de capta\u00e7\u00e3o vagas junto \u00e0s empresas em Apucarana. Essas medidas seguem orienta\u00e7\u00f5es do prefeito Beto Preto, que est\u00e1 muito preocupado com a manuten\u00e7\u00e3o de postos de trabalho destes apucaranenses&rdquo; observa o gerente da Ag\u00eancia do Trabalhador, Lucas Leugi.<\/p>\n<p><\/p>\n","protected":false},"excerpt":{"rendered":"<p>H&aacute; dezenas de vagas nas f&aacute;bricas de confec&ccedil;&otilde;es<\/p>\n","protected":false},"author":4,"featured_media":0,"comment_status":"closed","ping_status":"closed","sticky":false,"template":"","format":"standard","meta":{"footnotes":""},"categories":[24],"tags":[],"class_list":["post-674","post","type-post","status-publish","format-standard","hentry","category-noticias"],"acf":[],"_links":{"self":[{"href":"https:\/\/www.apucarana.pr.gov.br\/site\/wp-json\/wp\/v2\/posts\/674","targetHints":{"allow":["GET"]}}],"collection":[{"href":"https:\/\/www.apucarana.pr.gov.br\/site\/wp-json\/wp\/v2\/posts"}],"about":[{"href":"https:\/\/www.apucarana.pr.gov.br\/site\/wp-json\/wp\/v2\/types\/post"}],"author":[{"embeddable":true,"href":"https:\/\/www.apucarana.pr.gov.br\/site\/wp-json\/wp\/v2\/users\/4"}],"replies":[{"embeddable":true,"href":"https:\/\/www.apucarana.pr.gov.br\/site\/wp-json\/wp\/v2\/comments?post=674"}],"version-history":[{"count":1,"href":"https:\/\/www.apucarana.pr.gov.br\/site\/wp-json\/wp\/v2\/posts\/674\/revisions"}],"predecessor-version":[{"id":106203,"href":"https:\/\/www.apucarana.pr.gov.br\/site\/wp-json\/wp\/v2\/posts\/674\/revisions\/106203"}],"wp:attachment":[{"href":"https:\/\/www.apucarana.pr.gov.br\/site\/wp-json\/wp\/v2\/media?parent=674"}],"wp:term":[{"taxonomy":"category","embeddable":true,"href":"https:\/\/www.apucarana.pr.gov.br\/site\/wp-json\/wp\/v2\/categories?post=674"},{"taxonomy":"post_tag","embeddable":true,"href":"https:\/\/www.apucarana.pr.gov.br\/site\/wp-json\/wp\/v2\/tags?post=674"}],"curies":[{"name":"wp","href":"https:\/\/api.w.org\/{rel}","templated":true}]}}