{"id":673,"date":"2013-04-12T16:57:00","date_gmt":"2013-04-12T16:57:00","guid":{"rendered":"http:\/\/172.16.0.7\/site-antigo\/?p=673"},"modified":"2024-10-08T09:06:28","modified_gmt":"2024-10-08T12:06:28","slug":"comissao-vai-a-brasilia-defender-polo-produtivo-de-apucarana","status":"publish","type":"post","link":"https:\/\/www.apucarana.pr.gov.br\/site\/comissao-vai-a-brasilia-defender-polo-produtivo-de-apucarana\/","title":{"rendered":"Comiss\u00e3o vai a Bras\u00edlia defender polo produtivo de Apucarana"},"content":{"rendered":"<p>Entidades representativas do setor boneleiro e do polo de confec\u00e7\u00f5es de Apucarana realizaram ontem (sexta-feira &ndash; 12\/04), no sal\u00e3o nobre da Prefeitura de Apucarana, uma reuni\u00e3o que definiu uma pauta de reivindica\u00e7\u00f5es que ser\u00e3o protocoladas no Minist\u00e9rio do Desenvolvimento, Ind\u00fastria e Com\u00e9rcio Exterior, em Bras\u00edlia. O documento vai ser levado em m\u00e3os por uma comiss\u00e3o, assim que uma audi\u00eancia for agendada.   <\/p>\n<p>Acompanhado do secret\u00e1rio Municipal da Ind\u00fastria e Com\u00e9rcio, L\u00e1rcio Costa, o prefeito de Apucarana, Beto Preto (PT) participou do encontro. Entre os principais pedidos vai estar a solicita\u00e7\u00e3o da eleva\u00e7\u00e3o dos valores do NCM (Nomenclatura Comum do MERCOSUL), que regem as remessas de exporta\u00e7\u00e3o e que s\u00e3o consideradas muito baixas atualmente. &ldquo;Vamos elencar neste of\u00edcio todas as necessidades do setor de confec\u00e7\u00f5es, relacionando sobretudo a necessidade da eleva\u00e7\u00e3o do NCM e a concess\u00e3o de incentivos fiscais ao setor, tendo em vista sobretudo a Copa do Mundo de Futebol, em 2014. Tamb\u00e9m vai compor este material uma planilha de custos, dando maior embasamento \u00e0s reivindica\u00e7\u00f5es&rdquo;, explica o secret\u00e1rio La\u00e9rcio. <\/p>\n<p>De acordo com ele, tamb\u00e9m ser\u00e3o convidadas a compor a comitiva que vai a Bras\u00edlia representantes da ABIT (Associa\u00e7\u00e3o Brasileira da Ind\u00fastria T\u00eaxtil e de Confec\u00e7\u00e3o), que tem sede em S\u00e3o Paulo, e da ANIBB (Associa\u00e7\u00e3o Nacional das Ind\u00fastrias de Bon\u00e9s, Brindes e Similares).<\/p>\n<p>No encontro, que reuniu representantes da Associa\u00e7\u00e3o Comercial, Industrial e de Servi\u00e7os de Apucarana (Acia), S<span>indicato das Ind\u00fastrias do Vestu\u00e1rio de Apucarana (Sivale), do Sindicato dos Trabalhadores das Ind\u00fastrias do Vestu\u00e1rio de Apucarana e Regi\u00e3o (STIVAR), APL do Bon\u00e9, Sebrae, UTFPR e Grupo Coopermais, tamb\u00e9m foi debatida a reformula\u00e7\u00e3o da Expobon\u00e9, que deve ganhar um novo modelo e nomenclatura. &ldquo;Vamos formar uma comiss\u00e3o que vai trabalhar a proposta de um novo formato para este evento, previsto para setembro. Al\u00e9m de um novo nome, o projeto \u00e9 expandir a participa\u00e7\u00e3o n\u00e3o s\u00f3 a empresas do bon\u00e9, mas tamb\u00e9m a empreendedores dos ramos de confec\u00e7\u00e3o e de brindes em geral&rdquo;, adianta L\u00e1ercio.<\/span><\/p>\n<p><span>Durante a reuni\u00e3o <\/span>com os empres\u00e1rios do setor de confec\u00e7\u00f5es, o prefeito Beto Preto voltou a manifestar sua preocupa\u00e7\u00e3o com a manuten\u00e7\u00e3o dos empregos neste segmento. Ele lamentou a repercuss\u00e3o negativa para Apucarana gerada pela opera\u00e7\u00e3o desencadeada pelo Gaeco e o Minist\u00e9rio P\u00fablico. &ldquo;Reitero o meu respeito \u00e0 legalidade desta a\u00e7\u00e3o, mas o nosso polo de confec\u00e7\u00f5es de bon\u00e9s, camisetas, jeans, roupas de moda, uniformes profissionais e outros produtos n\u00e3o pode sofrer o &ocirc;nus pela ilegalidade de alguns&rdquo;, avaliou Beto Preto.<\/p>\n<p>Ao mesmo tempo, neste primeiro ano de sua gest\u00e3o, o prefeito assegurou que a rodada de neg\u00f3cios e a &ldquo;Expobon\u00e9&rdquo; ter\u00e3o apoio do Munic\u00edpio &ldquo;dentro do que estiver ao nosso alcance&rdquo;, finalizou. <\/p>\n<p><\/p>\n","protected":false},"excerpt":{"rendered":"<p>Pauta de reivindica&ccedil;&otilde;es foi definida em reuni&atilde;o entre entidades realizada na prefeitura<\/p>\n","protected":false},"author":4,"featured_media":0,"comment_status":"closed","ping_status":"closed","sticky":false,"template":"","format":"standard","meta":{"footnotes":""},"categories":[24],"tags":[],"class_list":["post-673","post","type-post","status-publish","format-standard","hentry","category-noticias"],"acf":[],"_links":{"self":[{"href":"https:\/\/www.apucarana.pr.gov.br\/site\/wp-json\/wp\/v2\/posts\/673","targetHints":{"allow":["GET"]}}],"collection":[{"href":"https:\/\/www.apucarana.pr.gov.br\/site\/wp-json\/wp\/v2\/posts"}],"about":[{"href":"https:\/\/www.apucarana.pr.gov.br\/site\/wp-json\/wp\/v2\/types\/post"}],"author":[{"embeddable":true,"href":"https:\/\/www.apucarana.pr.gov.br\/site\/wp-json\/wp\/v2\/users\/4"}],"replies":[{"embeddable":true,"href":"https:\/\/www.apucarana.pr.gov.br\/site\/wp-json\/wp\/v2\/comments?post=673"}],"version-history":[{"count":1,"href":"https:\/\/www.apucarana.pr.gov.br\/site\/wp-json\/wp\/v2\/posts\/673\/revisions"}],"predecessor-version":[{"id":106204,"href":"https:\/\/www.apucarana.pr.gov.br\/site\/wp-json\/wp\/v2\/posts\/673\/revisions\/106204"}],"wp:attachment":[{"href":"https:\/\/www.apucarana.pr.gov.br\/site\/wp-json\/wp\/v2\/media?parent=673"}],"wp:term":[{"taxonomy":"category","embeddable":true,"href":"https:\/\/www.apucarana.pr.gov.br\/site\/wp-json\/wp\/v2\/categories?post=673"},{"taxonomy":"post_tag","embeddable":true,"href":"https:\/\/www.apucarana.pr.gov.br\/site\/wp-json\/wp\/v2\/tags?post=673"}],"curies":[{"name":"wp","href":"https:\/\/api.w.org\/{rel}","templated":true}]}}