{"id":671,"date":"2013-04-12T14:30:59","date_gmt":"2013-04-12T14:30:59","guid":{"rendered":"http:\/\/172.16.0.7\/site-antigo\/?p=671"},"modified":"2024-10-08T09:06:28","modified_gmt":"2024-10-08T12:06:28","slug":"concurso-define-garota-e-garoto-bone-2013","status":"publish","type":"post","link":"https:\/\/www.apucarana.pr.gov.br\/site\/concurso-define-garota-e-garoto-bone-2013\/","title":{"rendered":"Concurso define Garota e Garoto Bon\u00e9 2013"},"content":{"rendered":"<p><p>Apucarana elege neste s\u00e1bado (13\/04), a partir das 19h30, na sede campestre do Sindicato dos Trabalhadores das Ind\u00fastrias do Vestu\u00e1rio de Apucarana e Regi\u00e3o (STIVAR) a mais bela e o mais belo representante do setor. &Eacute; o 4\u00ba Concurso Garota e Garoto Bon\u00e9, que re\u00fane candidatos com idades entre 16 e 30 anos. <\/p>\n<p>A novidade para esta edi\u00e7\u00e3o \u00e9 a inclus\u00e3o da categoria &ldquo;Garotinha e Garotinho do Bon\u00e9&rdquo;, direcionado aos filhos dos funcion\u00e1rios que tenham entre 7 a 12 anos. <\/p>\n<p>O evento \u00e9 uma realiza\u00e7\u00e3o do APL do Bon\u00e9, Associa\u00e7\u00e3o Comercial, Industrial e de Servi\u00e7os de Apucarana (Acia), SIVALE, STIVAR, com apoio da Secretaria da Ind\u00fastria e Com\u00e9rcio da Prefeitura de Apucarana, Sebrae, Unespar\/Fecea, Banco do Brasil, Caixa Econ&ocirc;mica Federal, It\u00e1lia Milano, UTFPR, FAP, Sesi e Peiex Mury Bon\u00e9s.<\/p>\n<p>A sede do STIVAR fica na Rua Jo\u00e3o Batista Boscardim, 533, no Recanto Belvedere. <span>Ap\u00f3s o desfile haver\u00e1 um baile, os convites podem ser adquiridos pelos telefones (43) 3422-0930; (43) 9934-9582 &#8211; Marlene. <\/span><\/p>\n<p>As fotos das candidatas e candidatos podem ser visualizadas pela fanpage do concurso no endere\u00e7o http:\/\/www.facebook.com\/garotagaroto.bone. <\/p>\n<p><\/p>\n","protected":false},"excerpt":{"rendered":"<p>A novidade para esta edi&ccedil;&atilde;o &eacute; a inclus&atilde;o da categoria &ldquo;Garotinha e Garotinho do Bon&eacute;&rdquo;, direcionado aos filhos dos funcion&aacute;rios que tenham entre 7 a 12 anos<\/p>\n","protected":false},"author":4,"featured_media":0,"comment_status":"closed","ping_status":"closed","sticky":false,"template":"","format":"standard","meta":{"footnotes":""},"categories":[24],"tags":[],"class_list":["post-671","post","type-post","status-publish","format-standard","hentry","category-noticias"],"acf":[],"_links":{"self":[{"href":"https:\/\/www.apucarana.pr.gov.br\/site\/wp-json\/wp\/v2\/posts\/671","targetHints":{"allow":["GET"]}}],"collection":[{"href":"https:\/\/www.apucarana.pr.gov.br\/site\/wp-json\/wp\/v2\/posts"}],"about":[{"href":"https:\/\/www.apucarana.pr.gov.br\/site\/wp-json\/wp\/v2\/types\/post"}],"author":[{"embeddable":true,"href":"https:\/\/www.apucarana.pr.gov.br\/site\/wp-json\/wp\/v2\/users\/4"}],"replies":[{"embeddable":true,"href":"https:\/\/www.apucarana.pr.gov.br\/site\/wp-json\/wp\/v2\/comments?post=671"}],"version-history":[{"count":1,"href":"https:\/\/www.apucarana.pr.gov.br\/site\/wp-json\/wp\/v2\/posts\/671\/revisions"}],"predecessor-version":[{"id":106205,"href":"https:\/\/www.apucarana.pr.gov.br\/site\/wp-json\/wp\/v2\/posts\/671\/revisions\/106205"}],"wp:attachment":[{"href":"https:\/\/www.apucarana.pr.gov.br\/site\/wp-json\/wp\/v2\/media?parent=671"}],"wp:term":[{"taxonomy":"category","embeddable":true,"href":"https:\/\/www.apucarana.pr.gov.br\/site\/wp-json\/wp\/v2\/categories?post=671"},{"taxonomy":"post_tag","embeddable":true,"href":"https:\/\/www.apucarana.pr.gov.br\/site\/wp-json\/wp\/v2\/tags?post=671"}],"curies":[{"name":"wp","href":"https:\/\/api.w.org\/{rel}","templated":true}]}}