{"id":670,"date":"2013-04-11T17:55:00","date_gmt":"2013-04-11T17:55:00","guid":{"rendered":"http:\/\/172.16.0.7\/site-antigo\/?p=670"},"modified":"2024-10-08T09:06:28","modified_gmt":"2024-10-08T12:06:28","slug":"meio-ambiente-flagra-crime-ambiental-em-chacara-de-apucarana","status":"publish","type":"post","link":"https:\/\/www.apucarana.pr.gov.br\/site\/meio-ambiente-flagra-crime-ambiental-em-chacara-de-apucarana\/","title":{"rendered":"Meio Ambiente flagra crime ambiental em ch\u00e1cara de Apucarana"},"content":{"rendered":"<p>T\u00e9cnicos da Secretaria de Meio Ambiente da Prefeitura de Apucarana e a Pol\u00edcia Militar Ambiental For\u00e7a Verde flagraram na tarde de ontem (11\/04) danos \u00e0 nascente de uma ch\u00e1cara particular localizada na Rua Aldo Marcachini, no Parque Bela Vista. O crime ambiental foi denunciado pelos moradores da regi\u00e3o, que perceberam que o curso d&rsquo;\u00e1gua, originado na nascente e que &ldquo;alimenta&rdquo; diversas propriedades vizinhas, havia secado repentinamente.   <\/p>\n<p>Ao averiguar, as autoridades autuaram em flagrante o caseiro da propriedade que alegou estar realizando a &ldquo;obra&rdquo; a pedido do propriet\u00e1rio e tamb\u00e9m apreenderam a retroescavadeira utilizada no represamento da nascente. &ldquo;Esta \u00e9 uma interven\u00e7\u00e3o criminosa, feita sem autoriza\u00e7\u00e3o e nenhum tipo de crit\u00e9rio ambiental. N\u00e3o se mexe em \u00e1rea de preserva\u00e7\u00e3o. &Eacute; ainda mais grave constatarmos que pessoas que agem assim geralmente relutam em aceitar a opera\u00e7\u00e3o e acreditam que n\u00e3o est\u00e3o fazendo nada errado, quando na verdade est\u00e3o causando um grande mal ao meio ambiente&rdquo;, alertou Itamar Gomes de Oliveira, secret\u00e1rio Municipal de Meio Ambiente. <\/p>\n<p>Ele recomenda que antes de qualquer tipo de a\u00e7\u00e3o, as pessoas procurem antes orienta\u00e7\u00e3o t\u00e9cnica do munic\u00edpio. &ldquo;Temos em nossa secretaria equipe capacitada para averiguar todos os pedidos neste sentido, evitando danos ao meio ambiente e problemas para as pessoas, que como neste caso, v\u00e3o responder pelos atos perante a lei&rdquo;, complementou o secret\u00e1rio.<\/p>\n<p>O policial da For\u00e7a Verde, cabo Da Matta, esclarece que as responsabilidades do caseiro e da propriet\u00e1ria da ch\u00e1cara ser\u00e3o apontadas pelo processo criminal, que ser\u00e1 encaminhado ao Minist\u00e9rio P\u00fablico do Meio Ambiente. &ldquo;Os respons\u00e1veis v\u00e3o responder de acordo com as san\u00e7\u00f5es previstas na Lei Federal 9605\/98 &ndash; A Lei dos Crimes Ambientais&rdquo;, informa.<\/p>\n<p>A dilig\u00eancia de fiscaliza\u00e7\u00e3o tamb\u00e9m teve acompanhamento do superintendente de Meio Ambiente, &Eacute;werton Pires. &ldquo;O que constatamos aqui foi um grande comprometimento dos recursos h\u00eddricos. Uma fonte de \u00e1gua que abastece diversas outras propriedades. A escava\u00e7\u00e3o foi iniciada a cerca de 2 metros da nascente, quando a \u00e1rea de preserva\u00e7\u00e3o \u00e9 de no m\u00ednimo 50 metros. Em um leve olhar pela propriedade tamb\u00e9m podemos identificar outros crimes, como cortes irregulares de \u00e1rvores&rdquo;, observou Pires. Ele salientou que autoriza\u00e7\u00e3o para interven\u00e7\u00f5es regulares do g\u00eanero dependem de muito estudo. &ldquo;Em especial uma outorga do Instituto das &Aacute;guas&rdquo;, completou.<\/p>\n<p><b>Servi\u00e7o:<\/b> A Secretaria Municipal de Meio Ambiente da Prefeitura de Apucarana funciona na Rua Lapa, 263. O atendimento acontece de segunda \u00e0 sexta-feira, das 8 \u00e0s 18 horas. O contato telef&ocirc;nico pode ser feito pelo 3423-0142.<\/p>\n<p><\/p>\n","protected":false},"excerpt":{"rendered":"<p>Moradores perceberam que o curso d&rsquo;&aacute;gua, originado na nascente e que &ldquo;alimenta&rdquo; diversas propriedades vizinhas, havia secado repentinamente<\/p>\n","protected":false},"author":4,"featured_media":0,"comment_status":"closed","ping_status":"closed","sticky":false,"template":"","format":"standard","meta":{"footnotes":""},"categories":[24],"tags":[],"class_list":["post-670","post","type-post","status-publish","format-standard","hentry","category-noticias"],"acf":[],"_links":{"self":[{"href":"https:\/\/www.apucarana.pr.gov.br\/site\/wp-json\/wp\/v2\/posts\/670","targetHints":{"allow":["GET"]}}],"collection":[{"href":"https:\/\/www.apucarana.pr.gov.br\/site\/wp-json\/wp\/v2\/posts"}],"about":[{"href":"https:\/\/www.apucarana.pr.gov.br\/site\/wp-json\/wp\/v2\/types\/post"}],"author":[{"embeddable":true,"href":"https:\/\/www.apucarana.pr.gov.br\/site\/wp-json\/wp\/v2\/users\/4"}],"replies":[{"embeddable":true,"href":"https:\/\/www.apucarana.pr.gov.br\/site\/wp-json\/wp\/v2\/comments?post=670"}],"version-history":[{"count":1,"href":"https:\/\/www.apucarana.pr.gov.br\/site\/wp-json\/wp\/v2\/posts\/670\/revisions"}],"predecessor-version":[{"id":106206,"href":"https:\/\/www.apucarana.pr.gov.br\/site\/wp-json\/wp\/v2\/posts\/670\/revisions\/106206"}],"wp:attachment":[{"href":"https:\/\/www.apucarana.pr.gov.br\/site\/wp-json\/wp\/v2\/media?parent=670"}],"wp:term":[{"taxonomy":"category","embeddable":true,"href":"https:\/\/www.apucarana.pr.gov.br\/site\/wp-json\/wp\/v2\/categories?post=670"},{"taxonomy":"post_tag","embeddable":true,"href":"https:\/\/www.apucarana.pr.gov.br\/site\/wp-json\/wp\/v2\/tags?post=670"}],"curies":[{"name":"wp","href":"https:\/\/api.w.org\/{rel}","templated":true}]}}