{"id":654,"date":"2013-04-05T16:57:59","date_gmt":"2013-04-05T16:57:59","guid":{"rendered":"http:\/\/172.16.0.7\/site-antigo\/?p=654"},"modified":"2024-10-08T09:06:29","modified_gmt":"2024-10-08T12:06:29","slug":"parque-e-preparado-para-festejos-de-santo-expedito","status":"publish","type":"post","link":"https:\/\/www.apucarana.pr.gov.br\/site\/parque-e-preparado-para-festejos-de-santo-expedito\/","title":{"rendered":"Parque \u00e9 preparado para festejos de Santo Expedito"},"content":{"rendered":"<p>A Prefeitura de Apucarana deu in\u00edcio nesta semana ao cronograma de servi\u00e7os visando deixar o Parque Ecol\u00f3gico Santo Expedito ainda mais receptivo aos milhares de fi\u00e9is que s\u00e3o esperamos neste dia 19 de abril, quando acontece a 9\u00aa edi\u00e7\u00e3o da Festa Nacional de Santo Expedito. &ldquo;Todas as vias de acesso ao parque receberam melhorias. Recuperamos a malha asf\u00e1ltica n\u00e3o s\u00f3 no entorno, mas tamb\u00e9m de bairros adjacentes. Foram aplicadas cerca de 40 toneladas de massa em tr\u00eas dias de trabalho&rdquo;, informa o vice-prefeito J\u00fanior da Femac, secret\u00e1rio Municipal de Obras.  <\/p>\n<p>De acordo com o prefeito Beto Preto (PT), a Secretaria de Servi\u00e7os P\u00fablicos j\u00e1 programou para os pr\u00f3ximos dias uma ro\u00e7agem e limpeza geral. &ldquo;Nesta semana nossos oper\u00e1rios realizam a manuten\u00e7\u00e3o mais pesada, que envolve reparos da infraestrutura&rdquo;, observou. Segundo ele, ao longo dos \u00faltimos tr\u00eas meses o parque j\u00e1 vinha recebendo a devida aten\u00e7\u00e3o. <\/p>\n<p>&ldquo;Sabemos do carinho que a comunidade tem por este parque municipal, em especial dos fi\u00e9is de Santo Expedito, que nesta data v\u00eam n\u00e3o s\u00f3 da cidade, mas de toda a regi\u00e3o e at\u00e9 de outros estados para os festejos. A prefeitura tamb\u00e9m est\u00e1 empenhada e dedicada em dar a sua contrapartida para que tudo aconte\u00e7a com sucesso&rdquo;, assinala o prefeito.<\/p>\n<p>Uma promo\u00e7\u00e3o anual da Par\u00f3quia Nossa Senhora Aparecida, a Festa Nacional de Santo Expedito oferece sempre uma vasta programa\u00e7\u00e3o direcionada aos devotos, que al\u00e9m de pedir, tamb\u00e9m realizam ora\u00e7\u00f5es de agradecimento por gra\u00e7as alcan\u00e7adas. Nesta edi\u00e7\u00e3o, segundo j\u00e1 divulgado pela organiza\u00e7\u00e3o, as atividades acontecem a partir das 9 horas com ter\u00e7o de hora em hora ao longo de todo o dia. &Agrave;s 19 horas haver\u00e1 missa e, na sequ\u00eancia, show com Frei Zeca. Toda a programa\u00e7\u00e3o \u00e9 gratuita.<\/p>\n<p><\/p>\n","protected":false},"excerpt":{"rendered":"<p>Uma promo&ccedil;&atilde;o anual da Par&oacute;quia Nossa Senhora Aparecida, a Festa Nacional de Santo Expedito oferece sempre uma vasta programa&ccedil;&atilde;o direcionada aos devotos<\/p>\n","protected":false},"author":4,"featured_media":0,"comment_status":"closed","ping_status":"closed","sticky":false,"template":"","format":"standard","meta":{"footnotes":""},"categories":[24],"tags":[],"class_list":["post-654","post","type-post","status-publish","format-standard","hentry","category-noticias"],"acf":[],"_links":{"self":[{"href":"https:\/\/www.apucarana.pr.gov.br\/site\/wp-json\/wp\/v2\/posts\/654","targetHints":{"allow":["GET"]}}],"collection":[{"href":"https:\/\/www.apucarana.pr.gov.br\/site\/wp-json\/wp\/v2\/posts"}],"about":[{"href":"https:\/\/www.apucarana.pr.gov.br\/site\/wp-json\/wp\/v2\/types\/post"}],"author":[{"embeddable":true,"href":"https:\/\/www.apucarana.pr.gov.br\/site\/wp-json\/wp\/v2\/users\/4"}],"replies":[{"embeddable":true,"href":"https:\/\/www.apucarana.pr.gov.br\/site\/wp-json\/wp\/v2\/comments?post=654"}],"version-history":[{"count":1,"href":"https:\/\/www.apucarana.pr.gov.br\/site\/wp-json\/wp\/v2\/posts\/654\/revisions"}],"predecessor-version":[{"id":106221,"href":"https:\/\/www.apucarana.pr.gov.br\/site\/wp-json\/wp\/v2\/posts\/654\/revisions\/106221"}],"wp:attachment":[{"href":"https:\/\/www.apucarana.pr.gov.br\/site\/wp-json\/wp\/v2\/media?parent=654"}],"wp:term":[{"taxonomy":"category","embeddable":true,"href":"https:\/\/www.apucarana.pr.gov.br\/site\/wp-json\/wp\/v2\/categories?post=654"},{"taxonomy":"post_tag","embeddable":true,"href":"https:\/\/www.apucarana.pr.gov.br\/site\/wp-json\/wp\/v2\/tags?post=654"}],"curies":[{"name":"wp","href":"https:\/\/api.w.org\/{rel}","templated":true}]}}