{"id":59348,"date":"2017-01-05T10:54:14","date_gmt":"2017-01-05T12:54:14","guid":{"rendered":"http:\/\/172.16.0.7\/site-antigo\/?p=5006"},"modified":"2024-10-08T09:13:14","modified_gmt":"2024-10-08T12:13:14","slug":"inscricoes-para-o-curso-de-informatica-aplicada-a-educacao-vao-ate-o-dia-16","status":"publish","type":"post","link":"https:\/\/www.apucarana.pr.gov.br\/site\/inscricoes-para-o-curso-de-informatica-aplicada-a-educacao-vao-ate-o-dia-16\/","title":{"rendered":"Inscri\u00e7\u00f5es para o curso de inform\u00e1tica aplicada \u00e0 educa\u00e7\u00e3o v\u00e3o at\u00e9 o dia 16"},"content":{"rendered":"<p>Os interessados em fazer a especializa\u00e7\u00e3o em Inform\u00e1tica Instrumental aplicada \u00e0 Educa\u00e7\u00e3o t\u00eam at\u00e9 o dia 16 de janeiro para providenciar a inscri\u00e7\u00e3o. O curso \u00e9 ofertado pela Universidade Tecnol\u00f3gica Federal do Paran\u00e1 (UTFPR), em parceria com o polo Apucarana da Universidade Aberta do Brasil (UAB).<br \/>\nDe acordo com a professora Sueli Gomes Reis, coordenadora do polo UAB, o curso \u00e9 na modalidade semipresencial e poder\u00e1 ser feito nas depend\u00eancias do polo apucaranense. As inscri\u00e7\u00f5es devem ser feitas pelo<br \/>\nsite <a href=\"http:\/\/ead.utfpr.edu.br\/\">http:\/\/ead.utfpr.edu.br<\/a>. \u201c\u00c9 mais uma parceria que realizamos no intuito de promover educa\u00e7\u00e3o p\u00fablica gratuita e de qualidade para a nossa cidade e regi\u00e3o. Desta feita o parceiro \u00e9 a UTFPR, c\u00e2mpus de Corn\u00e9lio Proc\u00f3pio\u201d, explica a professora.<br \/>\nO valor da taxa de inscri\u00e7\u00e3o \u00e9 de R$ 90. A sele\u00e7\u00e3o ser\u00e1 baseada nos documentos solicitados pela UTFPR. A aula inaugural est\u00e1 prevista para acontecer (em data a ser confirmada) entre fevereiro e mar\u00e7o e as aulas devem ter in\u00edcio em abril de 2017. Mais informa\u00e7\u00f5es e o edital completo podem ser acessados no site de inscri\u00e7\u00e3o e no blog\u00a0<a href=\"http:\/\/poloapucarana.blogspot.com.br\/\">http:\/\/poloapucarana.blogspot.com.br<\/a>\u00a0ou ainda pelo telefone 3425-1603.<br \/>\nA especializa\u00e7\u00e3o em Inform\u00e1tica Instrumental aplicada \u00e0 Educa\u00e7\u00e3o ter\u00e1 dura\u00e7\u00e3o de 360 horas, excluindo o tempo destinado a atividades extracurriculares individuais ou em grupo e \u00e0 elabora\u00e7\u00e3o do Trabalho de Conclus\u00e3o de Curso (TCC). \u201cO objetivo ser\u00e1 qualificar e instrumentalizar profissionais da educa\u00e7\u00e3o para utiliza\u00e7\u00e3o das tecnologias da informa\u00e7\u00e3o e comunica\u00e7\u00e3o na \u00e1rea educacional\u201d, observa a professora Sueli. Outra meta da especializa\u00e7\u00e3o \u00e9 estimular o desenvolvimento de uma cultura cient\u00edfica e da tecnologia, adequada \u00e0 din\u00e2mica social da ci\u00eancia e da tecnologia utilizando-as como ferramentas no processo ensino-aprendizagem.<\/p>\n","protected":false},"excerpt":{"rendered":"<p>Curso \u00e9 ofertado pela Universidade Tecnol\u00f3gica Federal do Paran\u00e1, em parceria com o polo Apucarana da UAB<\/p>\n","protected":false},"author":4,"featured_media":5007,"comment_status":"closed","ping_status":"open","sticky":false,"template":"","format":"standard","meta":{"footnotes":""},"categories":[24],"tags":[],"class_list":["post-59348","post","type-post","status-publish","format-standard","has-post-thumbnail","hentry","category-noticias"],"acf":[],"_links":{"self":[{"href":"https:\/\/www.apucarana.pr.gov.br\/site\/wp-json\/wp\/v2\/posts\/59348","targetHints":{"allow":["GET"]}}],"collection":[{"href":"https:\/\/www.apucarana.pr.gov.br\/site\/wp-json\/wp\/v2\/posts"}],"about":[{"href":"https:\/\/www.apucarana.pr.gov.br\/site\/wp-json\/wp\/v2\/types\/post"}],"author":[{"embeddable":true,"href":"https:\/\/www.apucarana.pr.gov.br\/site\/wp-json\/wp\/v2\/users\/4"}],"replies":[{"embeddable":true,"href":"https:\/\/www.apucarana.pr.gov.br\/site\/wp-json\/wp\/v2\/comments?post=59348"}],"version-history":[{"count":1,"href":"https:\/\/www.apucarana.pr.gov.br\/site\/wp-json\/wp\/v2\/posts\/59348\/revisions"}],"predecessor-version":[{"id":102637,"href":"https:\/\/www.apucarana.pr.gov.br\/site\/wp-json\/wp\/v2\/posts\/59348\/revisions\/102637"}],"wp:featuredmedia":[{"embeddable":true,"href":"https:\/\/www.apucarana.pr.gov.br\/site\/wp-json\/"}],"wp:attachment":[{"href":"https:\/\/www.apucarana.pr.gov.br\/site\/wp-json\/wp\/v2\/media?parent=59348"}],"wp:term":[{"taxonomy":"category","embeddable":true,"href":"https:\/\/www.apucarana.pr.gov.br\/site\/wp-json\/wp\/v2\/categories?post=59348"},{"taxonomy":"post_tag","embeddable":true,"href":"https:\/\/www.apucarana.pr.gov.br\/site\/wp-json\/wp\/v2\/tags?post=59348"}],"curies":[{"name":"wp","href":"https:\/\/api.w.org\/{rel}","templated":true}]}}