{"id":59347,"date":"2017-01-03T18:06:32","date_gmt":"2017-01-03T20:06:32","guid":{"rendered":"http:\/\/172.16.0.7\/site-antigo\/?p=4982"},"modified":"2024-10-08T09:13:15","modified_gmt":"2024-10-08T12:13:15","slug":"beto-preto-transmite-presidencia-do-cisvir-para-aquiles-takeda","status":"publish","type":"post","link":"https:\/\/www.apucarana.pr.gov.br\/site\/beto-preto-transmite-presidencia-do-cisvir-para-aquiles-takeda\/","title":{"rendered":"Beto Preto transmite presid\u00eancia do Cisvir para Aquiles Takeda"},"content":{"rendered":"<p>Em cerim\u00f4nia realizada no sal\u00e3o nobre da prefeitura de Apucarana, tomou posse hoje (3) a nova diretoria do Cons\u00f3rcio Intermunicipal de Sa\u00fade do Vale do Iva\u00ed e Regi\u00e3o (Cisvir) para o bi\u00eanio 2017-2018. O prefeito de Apucarana, Beto Preto, que ficou \u00e0 frente do cons\u00f3rcio por dois mandatos, entre 2013 e 2016, transmitiu o cargo de presidente para o prefeito de Maril\u00e2ndia do Sul, Aquiles Takeda Filho.<br \/>\nA presid\u00eancia do Cisvir saiu das m\u00e3os de um m\u00e9dico, o prefeito Beto Preto, para o farmac\u00eautico Takeda, que atuou nos \u00faltimos oito anos como secret\u00e1rio municipal de sa\u00fade de Maril\u00e2ndia do Sul.<br \/>\nRespons\u00e1vel atualmente por uma clientela de 340 mil habitantes de 17 munic\u00edpios, o Cisvir, conforme explana\u00e7\u00e3o do prefeito Beto Preto durante o evento, obteve avan\u00e7os significativos a partir de 2013. Ele relacionou alguns exemplos: n\u00famero de consultas que saltou de 7 mil para 13 mil ao m\u00eas; o Programa de Bolsa de Colostomia, com mais de 300 atendimentos em car\u00e1ter individual, praticamente zerou as reclama\u00e7\u00f5es; a fila de aparelhos auditivos est\u00e1 zerada; o programa de implantes dent\u00e1rios \u00e9 o maior do Paran\u00e1, acumulando 3.2 mil pacientes atendidos em tr\u00eas anos e meio, com a realiza\u00e7\u00e3o 18 mil implantes num investimentos de R$ 5 milh\u00f5es; a nova sede do Cisvir, com 1950 metros quadrados de \u00e1rea constru\u00edda e um investimento de R$ 3 milh\u00f5es, foi inaugurada em junho do ano passado.<br \/>\n\u201cTivemos dois mandatos de 2 anos no Cisvir e quero agradecer a confian\u00e7a dos prefeitos no meu trabalho e gra\u00e7as a Deus o cons\u00f3rcio passou por momentos de muita conquista. Agora pe\u00e7o a Deus que coloque suas m\u00e3os na nova diretoria que assume hoje e precisa contar com a apoio de cada um dos munic\u00edpios\u201d, disse Beto Preto.<br \/>\nO novo presidente do Cisvir, Aquiles Takeda enalteceu o trabalho desempenhado pelo seu antecessor. \u201cAgrade\u00e7o aos 17 prefeitos que formaram um consenso em torno do meu nome para estar \u00e0 frente do Cisvir. O prefeito Beto Preto realizou uma grande gest\u00e3o e \u00e9 com esse mesmo compromisso que daremos continuidade ao trabalho do cons\u00f3rcio. Todos munic\u00edpios precisam ser parceiros para que o Cisvir continue neste ritmo de conquistas visando a melhoria da qualidade do atendimento\u201d, conclamou Takeda.<br \/>\n<strong>Or\u00e7amento de R$ 23 milh\u00f5es em 2017<\/strong><br \/>\nO Cons\u00f3rcio Intermunicipal de Sa\u00fade do Vale do Iva\u00ed e Regi\u00e3o (Cisvir) j\u00e1 definiu o or\u00e7amento de R$ 23.082.563,11 (vinte e tr\u00eas milh\u00f5es, oitenta e dois mil, quinhentos e sessenta e tr\u00eas reais e onze centavos) para o ano de 2017.<br \/>\nA proposta or\u00e7ament\u00e1ria foi formatada por t\u00e9cnicos do Cisvir e apresentada pelo ex- presidente do cons\u00f3rcio, Beto Preto. \u201cTivemos um crescimento de 11,7% em rela\u00e7\u00e3o ao or\u00e7amento realizado neste ano de 2016 e, com o esfor\u00e7o dos munic\u00edpios consorciados esperamos continuar avan\u00e7ando em 2017\u201d, avaliou Beto Preto.<br \/>\nConforme assinalaram t\u00e9cnicos do cons\u00f3rcio, os investimentos em consultas, exames e outros procedimentos dobraram de volume em rela\u00e7\u00e3o ao in\u00edcio de 2013. Para esta nova etapa, a principal meta \u00e9 a constru\u00e7\u00e3o do segundo bloco do Cisvir, visando abrigar o setor de raio X, ultrassom e o Centro de Especialidades Odontol\u00f3gicas (CEO). \u201cJ\u00e1 temos o compromisso do estado, visando a libera\u00e7\u00e3o de recursos para viabilizar a constru\u00e7\u00e3o da primeira etapa da nova ala, que tem uma estimativa de custo fixada em R$ 2,7 milh\u00f5es\u201d, anunciou Beto Preto.<br \/>\nCriado em 1996 e com sede em Apucarana, o centro de especialidades m\u00e9dicas atende gratuitamente a popula\u00e7\u00e3o via Sistema \u00danico de Sa\u00fade (SUS).<br \/>\n<strong>Diretoria do Cisvir bi\u00eanio 2017\/2018<\/strong><br \/>\nPresidente, prefeito de Maril\u00e2ndia do Sul, Aquiles Takeda Filho; vice-prefeito, prefeito de Cambira, Emerson Toledo Pires; secret\u00e1rio, prefeito de Novo Itacolomi, Moacir Andreolla; tesoureiro, prefeito de Arapongas, S\u00e9rgio Onofre. O Conselho Fiscal do cons\u00f3rcio \u00e9 composto por Paulo Wilson Mendes (prefeito de Calif\u00f3rnia), Washington Luiz da Silva (prefeito de Kalor\u00e9) e Beto Preto (prefeito de Apucarana).<\/p>\n","protected":false},"excerpt":{"rendered":"<p>Criado em 1996, cons\u00f3rcio \u00e9 respons\u00e1vel atualmente por uma clientela de 340 mil habitantes de 17 munic\u00edpios (Fotos &#8211; Edson Denobi)<\/p>\n","protected":false},"author":4,"featured_media":4983,"comment_status":"closed","ping_status":"open","sticky":false,"template":"","format":"standard","meta":{"footnotes":""},"categories":[24],"tags":[],"class_list":["post-59347","post","type-post","status-publish","format-standard","has-post-thumbnail","hentry","category-noticias"],"acf":[],"_links":{"self":[{"href":"https:\/\/www.apucarana.pr.gov.br\/site\/wp-json\/wp\/v2\/posts\/59347","targetHints":{"allow":["GET"]}}],"collection":[{"href":"https:\/\/www.apucarana.pr.gov.br\/site\/wp-json\/wp\/v2\/posts"}],"about":[{"href":"https:\/\/www.apucarana.pr.gov.br\/site\/wp-json\/wp\/v2\/types\/post"}],"author":[{"embeddable":true,"href":"https:\/\/www.apucarana.pr.gov.br\/site\/wp-json\/wp\/v2\/users\/4"}],"replies":[{"embeddable":true,"href":"https:\/\/www.apucarana.pr.gov.br\/site\/wp-json\/wp\/v2\/comments?post=59347"}],"version-history":[{"count":1,"href":"https:\/\/www.apucarana.pr.gov.br\/site\/wp-json\/wp\/v2\/posts\/59347\/revisions"}],"predecessor-version":[{"id":102641,"href":"https:\/\/www.apucarana.pr.gov.br\/site\/wp-json\/wp\/v2\/posts\/59347\/revisions\/102641"}],"wp:featuredmedia":[{"embeddable":true,"href":"https:\/\/www.apucarana.pr.gov.br\/site\/wp-json\/"}],"wp:attachment":[{"href":"https:\/\/www.apucarana.pr.gov.br\/site\/wp-json\/wp\/v2\/media?parent=59347"}],"wp:term":[{"taxonomy":"category","embeddable":true,"href":"https:\/\/www.apucarana.pr.gov.br\/site\/wp-json\/wp\/v2\/categories?post=59347"},{"taxonomy":"post_tag","embeddable":true,"href":"https:\/\/www.apucarana.pr.gov.br\/site\/wp-json\/wp\/v2\/tags?post=59347"}],"curies":[{"name":"wp","href":"https:\/\/api.w.org\/{rel}","templated":true}]}}