{"id":59346,"date":"2017-01-03T17:07:26","date_gmt":"2017-01-03T19:07:26","guid":{"rendered":"http:\/\/172.16.0.7\/site-antigo\/?p=4975"},"modified":"2024-10-08T09:13:15","modified_gmt":"2024-10-08T12:13:15","slug":"apucarana-conquista-maior-autonomia-para-gerenciar-aeroporto","status":"publish","type":"post","link":"https:\/\/www.apucarana.pr.gov.br\/site\/apucarana-conquista-maior-autonomia-para-gerenciar-aeroporto\/","title":{"rendered":"Apucarana conquista maior autonomia para gerenciar aeroporto"},"content":{"rendered":"<p>O secret\u00e1rio de Pol\u00edtica Regulat\u00f3ria de Avia\u00e7\u00e3o Civil do Minist\u00e9rio dos Transportes, Portos e Avia\u00e7\u00e3o Civil, Rog\u00e9rio Teixeira Coimbra, renovou por mais 35 anos a autoriza\u00e7\u00e3o de explora\u00e7\u00e3o do Aeroporto Municipal Capit\u00e3o Jo\u00e3o Busse pela Prefeitura de Apucarana. A outorga, mediante o Conv\u00eanio n\u00ba 069\/2016, foi publicada no Di\u00e1rio Oficial da Uni\u00e3o do dia 23 de dezembro e, na pr\u00e1tica, oferece maior autonomia ao munic\u00edpio para promover benfeitorias e decidir pela melhor forma de explora\u00e7\u00e3o do local: direta, indireta (terceiriza\u00e7\u00e3o) ou mista.<br \/>\nA conquista foi comemorada pelo prefeito Beto Preto, que desde 2013 vem projetando caminhos para que o aer\u00f3dromo local possa receber investimentos no sentido de atender a demanda regional, seja com a atra\u00e7\u00e3o de uma empresa para atuar com v\u00f4os regulares de transporte de passageiros ou para movimenta\u00e7\u00e3o de cargas, dada sua localiza\u00e7\u00e3o estrat\u00e9gica no Vale do Iva\u00ed. \u201cEsta nova outorga substitui o antigo conv\u00eanio que o Munic\u00edpio mantinha com o ent\u00e3o Minist\u00e9rio da Aeron\u00e1utica e traz muitos ganhos, sobretudo por simplificar caminhos burocr\u00e1ticos e habilitar o local para o recebimento de recursos federais\u201d, explica o prefeito.<br \/>\nSegundo o conv\u00eanio anterior, a rela\u00e7\u00e3o de outorga envolvia o Governo do Paran\u00e1. \u201cO contrato atual prev\u00ea agora uma rela\u00e7\u00e3o direta entre Prefeitura de Apucarana e Governo Federal, o que certamente vai se reverter em agilidade em todas as demandas\u201d, considera Beto Preto.<br \/>\nO superintendente de Tr\u00e2nsito, Transporte e Seguran\u00e7a do Instituto de Desenvolvimento, Pesquisa e Planejamento de Apucarana (Idepplan), Carlos Mendes, avalia que a nova outorga realmente se traduz em ganhos para o Munic\u00edpio. \u201cEm primeiro lugar esta autoriza\u00e7\u00e3o comprova que o nosso aeroporto est\u00e1 legalizado e a prefeitura apta a operacionaliz\u00e1-lo da forma que melhor lhe convier\u201d, frisa Mendes.<br \/>\nAl\u00e9m de manter as mesmas responsabilidades e diretos do conv\u00eanio antigo, a outorga federal que renovou a explora\u00e7\u00e3o do local por mais 35 anos agregou aspectos t\u00e9cnicos mais atuais e espec\u00edficos, adequando quest\u00f5es de acordo com a legisla\u00e7\u00e3o vigente. \u201cCom isso Apucarana sai muito \u00e0 frente de outras cidades paranaenses, que ainda n\u00e3o possuem esta documenta\u00e7\u00e3o atualizada\u201d, relata o superintendente. Entre os benef\u00edcios est\u00e1 a possibilidade de credenciamento e regulamenta\u00e7\u00e3o de projetos municipais junto ao Governo Federal. \u201cEm especial na busca de recursos para o financiamento de investimentos em infraestruturas que possam atrair empresas interessadas em operar em Apucarana\u201d, exemplificou Mendes. Outra facilidade seria no caso do Munic\u00edpio decidir pela terceiriza\u00e7\u00e3o. \u201cCaso haja l\u00e1 na frente esse entendimento por parte da administra\u00e7\u00e3o, esse novo conv\u00eanio tamb\u00e9m possibilitaria certa autonomia \u00e0 prefeitura\u201d, comenta ele.<br \/>\nO Aeroporto Municipal Capit\u00e3o Jo\u00e3o Busse, de Apucarana, recebe atualmente apenas v\u00f4os de pequenas aeronaves, em geral de empres\u00e1rios da regi\u00e3o. \u201cComo fatores positivos, o aeroporto j\u00e1 com pista de 1.450 metros de extens\u00e3o por 30 metros de largura, est\u00e1 bem localizado, tem uma boa estrutura e espa\u00e7o para expans\u00e3o\u201d, frisa Carlos Mendes, superintendente do Idepplan, lembrando ainda que existe no local um posto de abastecimento de aeronaves.<br \/>\nT\u00e9cnicos que j\u00e1 vistoriaram o aeroporto asseguram que o local se enquadra dentro dos padr\u00f5es exigidos pelo Governo Federal, para receber investimentos em programa direcionado a aer\u00f3dromos de porte m\u00e9dio em todas as regi\u00f5es do Pa\u00eds. A pista de pouso, a pista de taxiamento e o p\u00e1tio necessitam de uma revitaliza\u00e7\u00e3o e melhoria na capacidade de carga, al\u00e9m de uma expans\u00e3o lateral de 15 metros e uma extens\u00e3o longitudinal de mais 500 a 600 metros, al\u00e9m de investimentos estruturais que seriam elaborados pela administra\u00e7\u00e3o municipal com o aux\u00edlio de uma consultoria especializada no setor.<\/p>\n","protected":false},"excerpt":{"rendered":"<p>Nova outorga do Governo Federal estabelece rela\u00e7\u00e3o direta com a prefeitura e renova explora\u00e7\u00e3o do aer\u00f3dromo municipal por mais 35 anos (Foto: Profeta\/Edson Denobi &#8211; arquivo)<\/p>\n","protected":false},"author":4,"featured_media":4976,"comment_status":"closed","ping_status":"open","sticky":false,"template":"","format":"standard","meta":{"footnotes":""},"categories":[24],"tags":[],"class_list":["post-59346","post","type-post","status-publish","format-standard","has-post-thumbnail","hentry","category-noticias"],"acf":[],"_links":{"self":[{"href":"https:\/\/www.apucarana.pr.gov.br\/site\/wp-json\/wp\/v2\/posts\/59346","targetHints":{"allow":["GET"]}}],"collection":[{"href":"https:\/\/www.apucarana.pr.gov.br\/site\/wp-json\/wp\/v2\/posts"}],"about":[{"href":"https:\/\/www.apucarana.pr.gov.br\/site\/wp-json\/wp\/v2\/types\/post"}],"author":[{"embeddable":true,"href":"https:\/\/www.apucarana.pr.gov.br\/site\/wp-json\/wp\/v2\/users\/4"}],"replies":[{"embeddable":true,"href":"https:\/\/www.apucarana.pr.gov.br\/site\/wp-json\/wp\/v2\/comments?post=59346"}],"version-history":[{"count":1,"href":"https:\/\/www.apucarana.pr.gov.br\/site\/wp-json\/wp\/v2\/posts\/59346\/revisions"}],"predecessor-version":[{"id":102642,"href":"https:\/\/www.apucarana.pr.gov.br\/site\/wp-json\/wp\/v2\/posts\/59346\/revisions\/102642"}],"wp:featuredmedia":[{"embeddable":true,"href":"https:\/\/www.apucarana.pr.gov.br\/site\/wp-json\/"}],"wp:attachment":[{"href":"https:\/\/www.apucarana.pr.gov.br\/site\/wp-json\/wp\/v2\/media?parent=59346"}],"wp:term":[{"taxonomy":"category","embeddable":true,"href":"https:\/\/www.apucarana.pr.gov.br\/site\/wp-json\/wp\/v2\/categories?post=59346"},{"taxonomy":"post_tag","embeddable":true,"href":"https:\/\/www.apucarana.pr.gov.br\/site\/wp-json\/wp\/v2\/tags?post=59346"}],"curies":[{"name":"wp","href":"https:\/\/api.w.org\/{rel}","templated":true}]}}