{"id":59345,"date":"2017-01-02T12:08:26","date_gmt":"2017-01-02T14:08:26","guid":{"rendered":"http:\/\/172.16.0.7\/site-antigo\/?p=4961"},"modified":"2024-10-08T09:13:15","modified_gmt":"2024-10-08T12:13:15","slug":"beto-preto-agradece-servidores-e-anuncia-austeridade","status":"publish","type":"post","link":"https:\/\/www.apucarana.pr.gov.br\/site\/beto-preto-agradece-servidores-e-anuncia-austeridade\/","title":{"rendered":"Beto Preto agradece servidores e anuncia austeridade"},"content":{"rendered":"<p>Com um caf\u00e9 da manh\u00e3 oferecido pelas secretarias municipais de Gest\u00e3o P\u00fablica e de Fazenda, os funcion\u00e1rios do pr\u00e9dio central da Prefeitura iniciaram o ano de 2017 com uma r\u00e1pida confraterniza\u00e7\u00e3o. O momento foi dedicado para celebrar as conquistas da gest\u00e3o, dividindo os resultados com toda a equipe, e tamb\u00e9m para motivar os servidores para os desafios do pr\u00f3ximo mandato (2017\/2020). O prefeito de Apucarana, Beto Preto, fez quest\u00e3o de cumprimentar um a um os funcion\u00e1rios, agradecendo o empenho e a dedica\u00e7\u00e3o no trabalho di\u00e1rio.<br \/>\nBeto Preto aproveitou para fazer um balan\u00e7o do mandato passado que, de acordo com ele, iniciou conturbado mas terminou com alto \u00edndice de performance. \u201cJ\u00e1 temos duas presta\u00e7\u00f5es de contas aprovadas, relativas a 2013 e 2014, e estamos trabalhando firme nas de 2015 e no exerc\u00edcio que acabamos de finalizar que \u00e9 o de 2016\u201d, salienta.<br \/>\nBeto Preto sublinhou que, nesta primeira conversa do ano com os servidores, manteria a linha adotada no discurso de posse, ocorrida no domingo no Cine Teatro F\u00eanix. \u201cEu quero falar a verdade para voc\u00eas, olho no olho. Beira o insan\u00e1vel as d\u00edvidas que foram deixadas. Isso \u00e9 muito grave, porque os empecilhos gerados pela irresponsabilidade administrativa ou j\u00e1 vieram ou podem estar ali na frente\u201d, alerta.<br \/>\nAo apresentar n\u00fameros de d\u00edvidas herdadas e pagas, Beto Preto disse n\u00e3o se tratar de \u201ccantilena mas de mostrar a realidade\u201d. \u201cS\u00e3o tr\u00eas mil a\u00e7\u00f5es trabalhistas e destas a\u00e7\u00f5es eu n\u00e3o reclamo porque elas s\u00e3o devidas. Tem servidor que tem licen\u00e7a pr\u00eamio seguidas para tirar que somam um ano\u201d, exemplifica.<br \/>\nBeto Preto tamb\u00e9m lembrou que o Munic\u00edpio pagou nos \u00faltimos quatro anos R$ 50 milh\u00f5es em d\u00edvidas e, mesmo assim, a d\u00edvida consolidada de Apucarana \u00e9 de R$ 110 milh\u00f5es. \u201cAl\u00e9m disso, h\u00e1 cerca de 15 dias, andou o processo relativo aos bancos Santos e Itamaraty. Se houver uma ordem judicial para o parcelamento desta d\u00edvida, que hoje est\u00e1 na casa dos R$ 285 milh\u00f5es, todas as contas da Prefeitura ser\u00e3o bloqueadas. Portanto, irresponsabilidade de alguns custa caro em gest\u00f5es vindouras\u201d, avalia.<br \/>\nDiante deste contexto e com a crise econ\u00f4mica pela qual atravessa do Pa\u00eds, Beto Preto ressalta a necessidade de uma gest\u00e3o austera. \u201c\u00c9 um momento crucial para os prefeitos em todo o Brasil, que enfrentam muitos problemas. N\u00f3s j\u00e1 cortamos 120 cargos comissionados e vamos diminuir ainda mais. Eu, como m\u00e9dico, tenho a responsabilidade de pensar na vacina. N\u00e3o adianta aumentar impostos, a n\u00e3o ser ajustes pontuais. N\u00f3s temos que fazer a nossa parte, apertando o cinto e economizando com austeridade\u201d, frisa Beto Preto.<br \/>\nO secret\u00e1rio municipal de Fazenda, Marcello Augusto Machado, valorizou o trabalho de todos os setores, especialmente daqueles que desempenham as atividades burocr\u00e1ticas e que, muitas vezes, n\u00e3o t\u00eam os nomes lembrados na entrega de equipamentos ou em inaugura\u00e7\u00f5es. \u201cForam quatro anos de muito trabalho, dedica\u00e7\u00e3o e resultados, per\u00edodo em que entregamos um pouco do que a popula\u00e7\u00e3o merece. Sempre procuro valorizar todos os servidores e n\u00e3o deixo de lembrar aqueles que desenvolvem as atividades burocr\u00e1ticas no pr\u00e9dio central. O aplauso e o agradecimento v\u00e3o para todos\u201d, pondera.<br \/>\nO momento espiritual foi conduzido pelo pastor Othoniel Gon\u00e7alves, secret\u00e1rio municipal de Governo, que lembrou dos ensinamentos de Jesus Cristo. Solicitou que os servidores, apesar de viverem em uma sociedade desigual, saibam ver as necessidades do pr\u00f3ximo. \u201cLancem sobre as pessoas um olhar de f\u00e9, esperan\u00e7a, firmeza e perseveran\u00e7a\u201d, pediu.<\/p>\n","protected":false},"excerpt":{"rendered":"<p>Prefeito fez um balan\u00e7o do mandato passado e projetou os desafios para a gest\u00e3o 2017\/2020 (Foto: Edson Denobi)<\/p>\n","protected":false},"author":4,"featured_media":4965,"comment_status":"closed","ping_status":"open","sticky":false,"template":"","format":"standard","meta":{"footnotes":""},"categories":[24],"tags":[],"class_list":["post-59345","post","type-post","status-publish","format-standard","has-post-thumbnail","hentry","category-noticias"],"acf":[],"_links":{"self":[{"href":"https:\/\/www.apucarana.pr.gov.br\/site\/wp-json\/wp\/v2\/posts\/59345","targetHints":{"allow":["GET"]}}],"collection":[{"href":"https:\/\/www.apucarana.pr.gov.br\/site\/wp-json\/wp\/v2\/posts"}],"about":[{"href":"https:\/\/www.apucarana.pr.gov.br\/site\/wp-json\/wp\/v2\/types\/post"}],"author":[{"embeddable":true,"href":"https:\/\/www.apucarana.pr.gov.br\/site\/wp-json\/wp\/v2\/users\/4"}],"replies":[{"embeddable":true,"href":"https:\/\/www.apucarana.pr.gov.br\/site\/wp-json\/wp\/v2\/comments?post=59345"}],"version-history":[{"count":1,"href":"https:\/\/www.apucarana.pr.gov.br\/site\/wp-json\/wp\/v2\/posts\/59345\/revisions"}],"predecessor-version":[{"id":102643,"href":"https:\/\/www.apucarana.pr.gov.br\/site\/wp-json\/wp\/v2\/posts\/59345\/revisions\/102643"}],"wp:featuredmedia":[{"embeddable":true,"href":"https:\/\/www.apucarana.pr.gov.br\/site\/wp-json\/"}],"wp:attachment":[{"href":"https:\/\/www.apucarana.pr.gov.br\/site\/wp-json\/wp\/v2\/media?parent=59345"}],"wp:term":[{"taxonomy":"category","embeddable":true,"href":"https:\/\/www.apucarana.pr.gov.br\/site\/wp-json\/wp\/v2\/categories?post=59345"},{"taxonomy":"post_tag","embeddable":true,"href":"https:\/\/www.apucarana.pr.gov.br\/site\/wp-json\/wp\/v2\/tags?post=59345"}],"curies":[{"name":"wp","href":"https:\/\/api.w.org\/{rel}","templated":true}]}}