{"id":59344,"date":"2017-01-01T12:39:27","date_gmt":"2017-01-01T14:39:27","guid":{"rendered":"http:\/\/172.16.0.7\/site-antigo\/?p=4952"},"modified":"2024-10-08T09:13:15","modified_gmt":"2024-10-08T12:13:15","slug":"beto-preto-assume-e-faz-defesa-da-etica-e-moralidade-na-gestao-publica","status":"publish","type":"post","link":"https:\/\/www.apucarana.pr.gov.br\/site\/beto-preto-assume-e-faz-defesa-da-etica-e-moralidade-na-gestao-publica\/","title":{"rendered":"Beto Preto assume e faz defesa da  \u00e9tica e moralidade na gest\u00e3o p\u00fablica"},"content":{"rendered":"<p>O prefeito reeleito de Apucarana, Beto Preto (PSD) assumiu hoje (1\u00ba) seu novo mandato, em ato solene da C\u00e2mara de Vereadores, realizado no Cine Teatro F\u00eanix. Ele defendeu a \u00e9tica e moralidade na gest\u00e3o p\u00fablica, diante do cen\u00e1rio de corrup\u00e7\u00e3o que tem ganhado grande espa\u00e7o em toda a imprensa nacional.<br \/>\n\u201cPosso assegurar que minha gest\u00e3o continuar\u00e1 prezando pela \u00e9tica e responsabilidade no trato com o dinheiro p\u00fablico, que deve ser investido em favor da popula\u00e7\u00e3o\u201d, enfatizou Beto Preto. Ele fez quest\u00e3o de prestar agradecimento ao seu vice-prefeito Junior da Femac, ao secretariado e toda equipe administrativa pela dedica\u00e7\u00e3o.<br \/>\nReeleito com uma vota\u00e7\u00e3o hist\u00f3rica, com quase 90% dos votos v\u00e1lidos dos apucaranenses, Beto Preto lembrou que de cada dez votos, nove foram dados a ele. \u201cTivemos uma demonstra\u00e7\u00e3o clara de unidade, credibilidade e de boa f\u00e9 na pol\u00edtica que fazemos\u201d, assinalou. Beto Preto ainda parafraseou o Papa Francisco, recomendando que \u201ctodos priorizem os mais pobres e humildes, que s\u00e3o a parcela da popula\u00e7\u00e3o que mais precisa do poder p\u00fablico\u201d.<br \/>\nAo discursar no evento, ap\u00f3s ser empossado pelos vereadores, o prefeito saudou autoridades do Legislativo, Judici\u00e1rio e militares, al\u00e9m de lideran\u00e7as religiosas, servidores p\u00fablicos e popula\u00e7\u00e3o em geral. Ele recordou que assumiu a Prefeitura de Apucarana com quase R$ 400 milh\u00f5es de d\u00edvidas e que desse total, cerca de R$ 50 milh\u00f5es foram pagos.<br \/>\nO prefeito reeleito enumerou suas principais obras, programas e servi\u00e7os nos \u00faltimos quatro anos, destacando a pavimenta\u00e7\u00e3o asf\u00e1ltica de vinte bairros. \u201cReformamos e ampliamos 45 dos 60 pr\u00e9dios da educa\u00e7\u00e3o e, na sa\u00fade p\u00fablica tivemos avan\u00e7os significativos com o novo centro de especialidades m\u00e9dicas, o Programa Mais M\u00e9dicos, e o Programa de Resid\u00eancia M\u00e9dica e Multidisciplinar\u201d, relatou.<br \/>\nBeto Preto citou a conquista da frente de trabalho norte-sul, na duplica\u00e7\u00e3o da BR-376; e tamb\u00e9m a constru\u00e7\u00e3o do novo viaduto de acesso ao distrito do Pirap\u00f3. \u201cNovos compromissos est\u00e3o sendo assumidos a partir de agora, tais como a libera\u00e7\u00e3o do Parque industrial da Juruba, o Polo das Fac\u00e7\u00f5es T\u00eaxteis; a licita\u00e7\u00e3o do transporte coletivo urbano; novas frentes de asfalto; luta pelo curso de Medicina e mais cursos na \u00e1rea de engenharia; e a luta pela manuten\u00e7\u00e3o do tra\u00e7ado original da Ferrovia Norte Sul\u201d, anunciou o prefeito reeleito.<br \/>\n&nbsp;<\/p>\n","protected":false},"excerpt":{"rendered":"<p>Prefeito reeleito com quase 90% dos votos v\u00e1lidos anuncia governo de austeridade (Fotos &#8211; Edson Denobi e Profeta)<\/p>\n","protected":false},"author":4,"featured_media":4953,"comment_status":"closed","ping_status":"open","sticky":false,"template":"","format":"standard","meta":{"footnotes":""},"categories":[24],"tags":[],"class_list":["post-59344","post","type-post","status-publish","format-standard","has-post-thumbnail","hentry","category-noticias"],"acf":[],"_links":{"self":[{"href":"https:\/\/www.apucarana.pr.gov.br\/site\/wp-json\/wp\/v2\/posts\/59344","targetHints":{"allow":["GET"]}}],"collection":[{"href":"https:\/\/www.apucarana.pr.gov.br\/site\/wp-json\/wp\/v2\/posts"}],"about":[{"href":"https:\/\/www.apucarana.pr.gov.br\/site\/wp-json\/wp\/v2\/types\/post"}],"author":[{"embeddable":true,"href":"https:\/\/www.apucarana.pr.gov.br\/site\/wp-json\/wp\/v2\/users\/4"}],"replies":[{"embeddable":true,"href":"https:\/\/www.apucarana.pr.gov.br\/site\/wp-json\/wp\/v2\/comments?post=59344"}],"version-history":[{"count":1,"href":"https:\/\/www.apucarana.pr.gov.br\/site\/wp-json\/wp\/v2\/posts\/59344\/revisions"}],"predecessor-version":[{"id":102644,"href":"https:\/\/www.apucarana.pr.gov.br\/site\/wp-json\/wp\/v2\/posts\/59344\/revisions\/102644"}],"wp:featuredmedia":[{"embeddable":true,"href":"https:\/\/www.apucarana.pr.gov.br\/site\/wp-json\/wp\/v2\/media\/4953"}],"wp:attachment":[{"href":"https:\/\/www.apucarana.pr.gov.br\/site\/wp-json\/wp\/v2\/media?parent=59344"}],"wp:term":[{"taxonomy":"category","embeddable":true,"href":"https:\/\/www.apucarana.pr.gov.br\/site\/wp-json\/wp\/v2\/categories?post=59344"},{"taxonomy":"post_tag","embeddable":true,"href":"https:\/\/www.apucarana.pr.gov.br\/site\/wp-json\/wp\/v2\/tags?post=59344"}],"curies":[{"name":"wp","href":"https:\/\/api.w.org\/{rel}","templated":true}]}}