{"id":59343,"date":"2016-12-23T15:55:01","date_gmt":"2016-12-23T17:55:01","guid":{"rendered":"http:\/\/172.16.0.7\/site-antigo\/?p=4897"},"modified":"2024-10-08T09:13:15","modified_gmt":"2024-10-08T12:13:15","slug":"autarquia-passa-por-reforma-administrativa","status":"publish","type":"post","link":"https:\/\/www.apucarana.pr.gov.br\/site\/autarquia-passa-por-reforma-administrativa\/","title":{"rendered":"Autarquia passa por reforma administrativa"},"content":{"rendered":"<p>&nbsp;<br \/>\nO prefeito Beto Preto encaminhou \u00e0 C\u00e2mara de Vereadores um projeto de lei que prop\u00f5e uma completa reforma administrativa e funcional na Autarquia Municipal de Sa\u00fade de Apucarana. Em rela\u00e7\u00e3o \u00e0 estrutura criada em 2011, com a reforma haver\u00e1 uma redu\u00e7\u00e3o em 15% no n\u00famero de servidores comissionados e redistribui\u00e7\u00e3o de fun\u00e7\u00f5es, gerando, inclusive, economia de recursos. Segundo o prefeito, a altera\u00e7\u00e3o na estrutura dos departamentos \u00e9 necess\u00e1ria para adequar os servi\u00e7os e dar agilidade ao atendimento \u00e0 popula\u00e7\u00e3o.<br \/>\nAo justificar a proposta encaminhada ao Poder Legislativo, Beto Preto salienta que \u201co crescimento no volume de atendimento na aten\u00e7\u00e3o b\u00e1sica e na oferta de especialidades m\u00e9dicas exige mudan\u00e7as estruturais no \u00e2mbito administrativo, visando a qualidade nos servi\u00e7os oferecidos \u00e0 popula\u00e7\u00e3o\u201d. O prefeito deixa claro que a redu\u00e7\u00e3o no n\u00famero de cargos n\u00e3o comprometer\u00e1 o atendimento ao usu\u00e1rio, visto que os servi\u00e7os oferecidos atualmente ser\u00e3o mantidos e ampliados, como planejados para 2017.<br \/>\nNa avalia\u00e7\u00e3o do presidente em exerc\u00edcio da AMS, dentista Em\u00eddio Bachiega, a reforma administrativa foi estudada ao longo do ano, com avalia\u00e7\u00e3o da funcionalidade da atual estrutura. \u201cChegamos \u00e0 conclus\u00e3o que alguns setores precisavam de adequa\u00e7\u00e3o funcional, para melhorar o funcionamento da estrutura administrativa\u201d, explica Bachiega.<br \/>\nEntre as novidades da reforma est\u00e1 a inclus\u00e3o do Conselho Municipal de Sa\u00fade, como \u00f3rg\u00e3o fiscalizador e consultivo da administra\u00e7\u00e3o, al\u00e9m da ouvidoria. Segundo Bachiega, \u201ccom o crescimento da demanda no atendimento \u00e0s necessidades da popula\u00e7\u00e3o, \u00e9 fundamental ouvir o usu\u00e1rio do Sistema \u00danico de Sa\u00fade e tanto o conselho como a ouvidoria ser\u00e3o os canais de comunica\u00e7\u00e3o direta com a administra\u00e7\u00e3o e demais departamentos da Autarquia Municipal de Sa\u00fade\u201d.<\/p>\n","protected":false},"excerpt":{"rendered":"<p>Nova lei estabelece uma redu\u00e7\u00e3o em 15% dos cargos comissionados e distribui\u00e7\u00e3o de fun\u00e7\u00f5es (Foto: Edson Denobi)<\/p>\n","protected":false},"author":4,"featured_media":4900,"comment_status":"closed","ping_status":"open","sticky":false,"template":"","format":"standard","meta":{"footnotes":""},"categories":[24],"tags":[],"class_list":["post-59343","post","type-post","status-publish","format-standard","has-post-thumbnail","hentry","category-noticias"],"acf":[],"_links":{"self":[{"href":"https:\/\/www.apucarana.pr.gov.br\/site\/wp-json\/wp\/v2\/posts\/59343","targetHints":{"allow":["GET"]}}],"collection":[{"href":"https:\/\/www.apucarana.pr.gov.br\/site\/wp-json\/wp\/v2\/posts"}],"about":[{"href":"https:\/\/www.apucarana.pr.gov.br\/site\/wp-json\/wp\/v2\/types\/post"}],"author":[{"embeddable":true,"href":"https:\/\/www.apucarana.pr.gov.br\/site\/wp-json\/wp\/v2\/users\/4"}],"replies":[{"embeddable":true,"href":"https:\/\/www.apucarana.pr.gov.br\/site\/wp-json\/wp\/v2\/comments?post=59343"}],"version-history":[{"count":1,"href":"https:\/\/www.apucarana.pr.gov.br\/site\/wp-json\/wp\/v2\/posts\/59343\/revisions"}],"predecessor-version":[{"id":102650,"href":"https:\/\/www.apucarana.pr.gov.br\/site\/wp-json\/wp\/v2\/posts\/59343\/revisions\/102650"}],"wp:featuredmedia":[{"embeddable":true,"href":"https:\/\/www.apucarana.pr.gov.br\/site\/wp-json\/"}],"wp:attachment":[{"href":"https:\/\/www.apucarana.pr.gov.br\/site\/wp-json\/wp\/v2\/media?parent=59343"}],"wp:term":[{"taxonomy":"category","embeddable":true,"href":"https:\/\/www.apucarana.pr.gov.br\/site\/wp-json\/wp\/v2\/categories?post=59343"},{"taxonomy":"post_tag","embeddable":true,"href":"https:\/\/www.apucarana.pr.gov.br\/site\/wp-json\/wp\/v2\/tags?post=59343"}],"curies":[{"name":"wp","href":"https:\/\/api.w.org\/{rel}","templated":true}]}}