{"id":59150,"date":"2013-06-07T22:14:00","date_gmt":"2013-06-07T22:14:00","guid":{"rendered":"http:\/\/172.16.0.7\/site-antigo\/?p=857"},"modified":"2024-10-08T09:06:19","modified_gmt":"2024-10-08T12:06:19","slug":"agentes-de-saude-mantem-audiencia-com-beto-preto","status":"publish","type":"post","link":"https:\/\/www.apucarana.pr.gov.br\/site\/agentes-de-saude-mantem-audiencia-com-beto-preto\/","title":{"rendered":"Agentes de sa\u00fade mant\u00eam audi\u00eancia com Beto Preto"},"content":{"rendered":"<p><p>Um grupo de quinze agentes de sa\u00fade, ligados \u00e0 Autarquia Municipal de Sa\u00fade, foi recebido em audi\u00eancia, no in\u00edcio da noite desta sexta-feira (07\/06), pelo prefeito Beto Preto (PT). &ldquo;Fomos convidados para dialogar sobre a nossa quest\u00e3o salarial e fomos muito bem recebidos pelo prefeito&rdquo;, informou o agente de sa\u00fade Andr\u00e9 Joaquina.<\/p>\n<p>As agentes de sa\u00fade Denise Carletti, Concei\u00e7\u00e3o Aparecida Acedo e Saleti da Silva tamb\u00e9m participaram da audi\u00eancia e lembraram que lutam desde 2007, sobre uma diferen\u00e7a em seus sal\u00e1rios, em rela\u00e7\u00e3o ao que \u00e9 repassado pelo Governo Federal,&ldquo;At\u00e9 agora est\u00e1vamos sem resposta mas, felizmente, o prefeito Beto Preto admite a possibilidade de resolver a quest\u00e3o at\u00e9 o fim de julho&rdquo;, comentou Denise Carletti.<\/p>\n<p>De acordo com os agentes, na gest\u00e3o anterior, o argumento para o repasse de apenas R$ 698 (sal\u00e1rio-base) era de que o restante do recurso era destinado ao custeio de uniformes e equipamentos. &ldquo;Sempre argumentamos que, na verdade o sal\u00e1rio-base deveria ser de R$ 950, a exemplo do que ocorre em outros munic\u00edpios&rdquo;, disse Concei\u00e7\u00e3o Acedo.<\/p>\n<p>Segundo Andr\u00e9 Joaquina, ao Munic\u00edpio cabe uma contrapartida, na forma de um adicional de insalubridade, gratifica\u00e7\u00e3o, sal\u00e1rio fam\u00edlia e q&uuml;inq&uuml;\u00eanio ou dec\u00eanio. &ldquo;Vamos voltar a conversar com o prefeito em uma nova reuni\u00e3o j\u00e1 agendada para a segunda quinzena deste m\u00eas&rdquo;, revelou.<\/p>\n<p>O prefeito Beto Preto disse que tem conversado de forma constante com os agentes de sa\u00fade e agentes de endemias, nas ruas e nas unidades b\u00e1sicas de sa\u00fade. &ldquo;Disse aos agentes que, nas pr\u00f3ximas semanas, pretendo enviar um projeto de lei \u00e0 C&acirc;mara para resolver de vez esse problema&rdquo;, adiantou Beto Preto.<\/p>\n<p>O prefeito acrescentou que tem muito respeito pelos agentes e pelo  trabalho que desenvolvem.&ldquo;Fui eu quem criou esse grupo de agentes, quando ocupei o cargo de secret\u00e1rio municipal de sa\u00fade, e posso adiantar que planejamos agregar outras a\u00e7\u00f5es no trabalho realizado por eles&rdquo;, concluiu Beto Preto.<\/p>\n<p><\/p>\n","protected":false},"excerpt":{"rendered":"<p>Encontro no gabinete municipal discutiu quest&otilde;es salariais<\/p>\n","protected":false},"author":4,"featured_media":0,"comment_status":"closed","ping_status":"closed","sticky":false,"template":"","format":"standard","meta":{"footnotes":""},"categories":[24],"tags":[],"class_list":["post-59150","post","type-post","status-publish","format-standard","hentry","category-noticias"],"acf":[],"_links":{"self":[{"href":"https:\/\/www.apucarana.pr.gov.br\/site\/wp-json\/wp\/v2\/posts\/59150","targetHints":{"allow":["GET"]}}],"collection":[{"href":"https:\/\/www.apucarana.pr.gov.br\/site\/wp-json\/wp\/v2\/posts"}],"about":[{"href":"https:\/\/www.apucarana.pr.gov.br\/site\/wp-json\/wp\/v2\/types\/post"}],"author":[{"embeddable":true,"href":"https:\/\/www.apucarana.pr.gov.br\/site\/wp-json\/wp\/v2\/users\/4"}],"replies":[{"embeddable":true,"href":"https:\/\/www.apucarana.pr.gov.br\/site\/wp-json\/wp\/v2\/comments?post=59150"}],"version-history":[{"count":1,"href":"https:\/\/www.apucarana.pr.gov.br\/site\/wp-json\/wp\/v2\/posts\/59150\/revisions"}],"predecessor-version":[{"id":106025,"href":"https:\/\/www.apucarana.pr.gov.br\/site\/wp-json\/wp\/v2\/posts\/59150\/revisions\/106025"}],"wp:attachment":[{"href":"https:\/\/www.apucarana.pr.gov.br\/site\/wp-json\/wp\/v2\/media?parent=59150"}],"wp:term":[{"taxonomy":"category","embeddable":true,"href":"https:\/\/www.apucarana.pr.gov.br\/site\/wp-json\/wp\/v2\/categories?post=59150"},{"taxonomy":"post_tag","embeddable":true,"href":"https:\/\/www.apucarana.pr.gov.br\/site\/wp-json\/wp\/v2\/tags?post=59150"}],"curies":[{"name":"wp","href":"https:\/\/api.w.org\/{rel}","templated":true}]}}