{"id":59149,"date":"2013-05-27T17:21:00","date_gmt":"2013-05-27T17:21:00","guid":{"rendered":"http:\/\/172.16.0.7\/site-antigo\/?p=809"},"modified":"2024-10-08T09:06:21","modified_gmt":"2024-10-08T12:06:21","slug":"fase-macrorregional-dos-jogos-escolares-vai-ser-em-apucarana","status":"publish","type":"post","link":"https:\/\/www.apucarana.pr.gov.br\/site\/fase-macrorregional-dos-jogos-escolares-vai-ser-em-apucarana\/","title":{"rendered":"Fase macrorregional dos jogos escolares vai ser em Apucarana"},"content":{"rendered":"<p>O N\u00facleo Regional de Educa\u00e7\u00e3o do Governo do Paran\u00e1 e a Secretaria de Esportes da Prefeitura de Apucarana anunciaram nesta segunda-feira (27\/05), durante ato de premia\u00e7\u00e3o das equipes vencedoras da fase municipal, que o munic\u00edpio de Apucarana vai ser sede da final da fase macrorregional dos 60\u00ba Jogos Escolares do Paran\u00e1 (JEPs), considerado o maior evento esportivo estudantil da Am\u00e9rica Latina. A abertura das disputas vai acontecer \u00e0s 19h30 do dia 5 de junho, no gin\u00e1sio do Col\u00e9gio Nossa Senhora da Gl\u00f3ria (Glorinha). <\/p>\n<p>Como diferencial, o evento vai contar com apresenta\u00e7\u00e3o da sele\u00e7\u00e3o brasileira de Gin\u00e1stica R\u00edtmica Desportiva (GRD), que em meados de junho vai \u00e0 Fran\u00e7a representar o Brasil no Mundial. &ldquo;&Eacute; mais um desafio que teremos o maior prazer em enfrentar. Agradecemos ao N\u00facleo de Educa\u00e7\u00e3o pela confian\u00e7a. Assim como fizemos nesta etapa municipal, toda nossa equipe vai batalhar para atender a todas as demandas deste importante competi\u00e7\u00e3o&rdquo;, disse o prefeito Beto Preto (PT).  <\/p>\n<p>Al\u00e9m da entrega de medalhas aos campe\u00f5es da fase municipal, ao lado da secret\u00e1ria municipal de Esportes, professora Dione Gaspar, e da chefe do N\u00facleo Regional de Educa\u00e7\u00e3o, professora Maria Onide Balan Sardinha, Beto realizou o sorteio de duas bicicletas oferecidas pela Construtora Hirose a todos os atletas e p\u00fablico que prestigiaram a abertura da etapa municipal. Os ganhadores foram Renan M. de Andrade, do Col\u00e9gio Estadual Alberto Santos Dumont, e Matheus H. de Jesus, do Col\u00e9gio Estadual Ant&ocirc;nio dos Tr\u00eas Reis de Oliveira. <\/p>\n<p>A fase municipal dos JEPs aconteceu no m\u00eas de abril e reuniu 1.578 alunos de 13 col\u00e9gios estaduais, 9 institui\u00e7\u00f5es de ensino particular e duas escolas municipais em competi\u00e7\u00f5es nas modalidades basquete, futsal v&ocirc;lei, v&ocirc;lei de praia, handebol, atletismo, xadrez e t\u00eanis de mesa. O futebol de campo foi disputado \u00e0 parte, no m\u00eas de maio, dentro do projeto &ldquo;Bom de Bola&rdquo;.<\/p>\n<p>Os jogos escolares s\u00e3o uma promo\u00e7\u00e3o do Governo do Estado do Paran\u00e1 atrav\u00e9s das secretarias da Educa\u00e7\u00e3o e do Esporte, por interm\u00e9dio dos n\u00facleos regionais de Educa\u00e7\u00e3o, escrit\u00f3rios regionais de Esportes e prefeituras municipais. Mais informa\u00e7\u00f5es www.jogosescolares.pr.gov.br.<\/p>\n<p><\/p>\n","protected":false},"excerpt":{"rendered":"<p>Como diferencial, o evento vai contar com apresenta&ccedil;&atilde;o da sele&ccedil;&atilde;o brasileira de Gin&aacute;stica R&iacute;tmica Desportiva (GRD)<\/p>\n","protected":false},"author":4,"featured_media":0,"comment_status":"closed","ping_status":"closed","sticky":false,"template":"","format":"standard","meta":{"footnotes":""},"categories":[24],"tags":[],"class_list":["post-59149","post","type-post","status-publish","format-standard","hentry","category-noticias"],"acf":[],"_links":{"self":[{"href":"https:\/\/www.apucarana.pr.gov.br\/site\/wp-json\/wp\/v2\/posts\/59149","targetHints":{"allow":["GET"]}}],"collection":[{"href":"https:\/\/www.apucarana.pr.gov.br\/site\/wp-json\/wp\/v2\/posts"}],"about":[{"href":"https:\/\/www.apucarana.pr.gov.br\/site\/wp-json\/wp\/v2\/types\/post"}],"author":[{"embeddable":true,"href":"https:\/\/www.apucarana.pr.gov.br\/site\/wp-json\/wp\/v2\/users\/4"}],"replies":[{"embeddable":true,"href":"https:\/\/www.apucarana.pr.gov.br\/site\/wp-json\/wp\/v2\/comments?post=59149"}],"version-history":[{"count":1,"href":"https:\/\/www.apucarana.pr.gov.br\/site\/wp-json\/wp\/v2\/posts\/59149\/revisions"}],"predecessor-version":[{"id":106070,"href":"https:\/\/www.apucarana.pr.gov.br\/site\/wp-json\/wp\/v2\/posts\/59149\/revisions\/106070"}],"wp:attachment":[{"href":"https:\/\/www.apucarana.pr.gov.br\/site\/wp-json\/wp\/v2\/media?parent=59149"}],"wp:term":[{"taxonomy":"category","embeddable":true,"href":"https:\/\/www.apucarana.pr.gov.br\/site\/wp-json\/wp\/v2\/categories?post=59149"},{"taxonomy":"post_tag","embeddable":true,"href":"https:\/\/www.apucarana.pr.gov.br\/site\/wp-json\/wp\/v2\/tags?post=59149"}],"curies":[{"name":"wp","href":"https:\/\/api.w.org\/{rel}","templated":true}]}}