{"id":59143,"date":"2013-04-15T18:31:59","date_gmt":"2013-04-15T18:31:59","guid":{"rendered":"http:\/\/172.16.0.7\/site-antigo\/?p=678"},"modified":"2024-10-08T09:06:28","modified_gmt":"2024-10-08T12:06:28","slug":"beto-preto-lanca-campanha-de-vacinacao","status":"publish","type":"post","link":"https:\/\/www.apucarana.pr.gov.br\/site\/beto-preto-lanca-campanha-de-vacinacao\/","title":{"rendered":"Beto Preto lan\u00e7a campanha de vacina\u00e7\u00e3o"},"content":{"rendered":"<p><p>Com a meta de imunizar quase 30 mil pessoas, o prefeito Beto Preto lan\u00e7ou oficialmente ontem, em seu gabinete, a campanha nacional de vacina contra a gripe em Apucarana. O &ldquo;Dia D&rdquo; da campanha \u00e9 o pr\u00f3ximo s\u00e1bado, mas ele conclama as pessoas a buscarem a imuniza\u00e7\u00e3o o quanto antes, j\u00e1 que s\u00e3o necess\u00e1rios 15 dias para a vacina fazer efeito.<\/p>\n<p>Nos anos anteriores a vacina era destinada apenas a grupos priorit\u00e1rios como as gestantes, idosos com mais de 60 anos, crian\u00e7as entre 6 meses e 2 anos, profissionais de sa\u00fade, \u00edndios e os doentes cr&ocirc;nicos. A <a href=\"http:\/\/www.tnonline.com.br\/noticias\/apucarana\/45,181623,14,04,vacinacao-contra-a-gripe-comeca-amanha-em-todo-o-pais.shtml\"><span>novidade<\/span><\/a> para a campanha de 2013 \u00e9 a inclus\u00e3o do grupo de mulheres pu\u00e9rperas (que deram \u00e0 luz em at\u00e9 45 dias), bem como a popula\u00e7\u00e3o carcer\u00e1ria. Outra novidade \u00e9 que pacientes com doen\u00e7as cr&ocirc;nicas podem ser imunizados nos postos de sa\u00fade e n\u00e3o apenas nos centros de refer\u00eancia. Basta apresentar uma prescri\u00e7\u00e3o m\u00e9dica na hora da vacina\u00e7\u00e3o.<br \/> &ldquo;Vamos levar a vacina ao asilo e aos acamados. &Eacute; importante que as equipes de sa\u00fade levantem o n\u00famero de acamados para que possam tamb\u00e9m receber a imuniza\u00e7\u00e3o&rdquo;, observa Beto Preto.<\/p>\n<p>A vacina\u00e7\u00e3o contra a gripe segue at\u00e9 dia 26 de abril em todo pa\u00eds. Em Apucarana, a popula\u00e7\u00e3o pode se vacinar em todas as Unidades B\u00e1sicas de Sa\u00fade com sala de vacina; na Central de Vacina, no Lago\u00e3o; e no N\u00facleo de Aten\u00e7\u00e3o, Testagem e Triagem de Apucarana (NATTA), na Rua Dr. Munhoz da Rocha, 1645. &ldquo;Apenas os postos de sa\u00fade Julia Reczkowski (no N\u00facleo Habitacional Marcos Freire) Rodrigo Ioshi (Vila Apucaraninha), Jo\u00e3o Marioto (Vila Formosa) e Phelipe Weckewerth (Jardim Milani) n\u00e3o est\u00e3o vacinando&rdquo;, detalha o secret\u00e1rio da Sa\u00fade, H\u00e9lio Kissina. A partir de quarta-feira, a Autarquia Municipal de Sa\u00fade (antigo PAM) tamb\u00e9m vai funcionar como posto de vacina\u00e7\u00e3o.<\/p>\n<p>&ldquo;&Eacute; a primeira grande etapa de vacina no nosso mandato. Nossa meta de vacina\u00e7\u00e3o tem que ser alcan\u00e7ada e vamos trabalhar com afinco para isso&rdquo;, afirma Beto. No pr\u00f3ximo s\u00e1bado, o Dia da campanha, haver\u00e1 um ato oficial no posto de sa\u00fade Maria do Caf\u00e9, no Jardim Ponto Grossa, para marcar a data. Al\u00e9m de imunizar a popula\u00e7\u00e3o contra a gripe A H1N1, tipo que se disseminou pelo mundo na pandemia de 2009, a campanha tamb\u00e9m quer imunizar a popula\u00e7\u00e3o contra outros dois tipos do v\u00edrus influenza: influenza A H3N2 e B.  <\/p>\n<p><\/p>\n","protected":false},"excerpt":{"rendered":"<p>A meta &eacute; imunizar quase 30 mil pessoas em Apucarana<\/p>\n","protected":false},"author":4,"featured_media":0,"comment_status":"closed","ping_status":"closed","sticky":false,"template":"","format":"standard","meta":{"footnotes":""},"categories":[24],"tags":[],"class_list":["post-59143","post","type-post","status-publish","format-standard","hentry","category-noticias"],"acf":[],"_links":{"self":[{"href":"https:\/\/www.apucarana.pr.gov.br\/site\/wp-json\/wp\/v2\/posts\/59143","targetHints":{"allow":["GET"]}}],"collection":[{"href":"https:\/\/www.apucarana.pr.gov.br\/site\/wp-json\/wp\/v2\/posts"}],"about":[{"href":"https:\/\/www.apucarana.pr.gov.br\/site\/wp-json\/wp\/v2\/types\/post"}],"author":[{"embeddable":true,"href":"https:\/\/www.apucarana.pr.gov.br\/site\/wp-json\/wp\/v2\/users\/4"}],"replies":[{"embeddable":true,"href":"https:\/\/www.apucarana.pr.gov.br\/site\/wp-json\/wp\/v2\/comments?post=59143"}],"version-history":[{"count":1,"href":"https:\/\/www.apucarana.pr.gov.br\/site\/wp-json\/wp\/v2\/posts\/59143\/revisions"}],"predecessor-version":[{"id":106198,"href":"https:\/\/www.apucarana.pr.gov.br\/site\/wp-json\/wp\/v2\/posts\/59143\/revisions\/106198"}],"wp:attachment":[{"href":"https:\/\/www.apucarana.pr.gov.br\/site\/wp-json\/wp\/v2\/media?parent=59143"}],"wp:term":[{"taxonomy":"category","embeddable":true,"href":"https:\/\/www.apucarana.pr.gov.br\/site\/wp-json\/wp\/v2\/categories?post=59143"},{"taxonomy":"post_tag","embeddable":true,"href":"https:\/\/www.apucarana.pr.gov.br\/site\/wp-json\/wp\/v2\/tags?post=59143"}],"curies":[{"name":"wp","href":"https:\/\/api.w.org\/{rel}","templated":true}]}}